{"id":1115,"date":"2023-10-12T16:34:00","date_gmt":"2023-10-12T13:34:00","guid":{"rendered":"https:\/\/smyfi.wpenginepowered.com\/metsapaivat\/?p=1115"},"modified":"2023-10-26T11:53:39","modified_gmt":"2023-10-26T08:53:39","slug":"stora-enson-uusi-toimitusjohtaja-hans-sohlstrom-pitaa-metsapaivien-odotetun-avajaispuheen","status":"publish","type":"post","link":"https:\/\/smy.fi\/metsapaivat\/stora-enson-uusi-toimitusjohtaja-hans-sohlstrom-pitaa-metsapaivien-odotetun-avajaispuheen\/","title":{"rendered":"Stora Enson uusi toimitusjohtaja Hans Sohlstr\u00f6m pit\u00e4\u00e4 Mets\u00e4p\u00e4ivien odotetun avajaispuheen"},"content":{"rendered":"\n<p class=\"is-style-lead-text\">Stora Enson toimitusjohtaja Hans Sohlstr\u00f6m nousee valtakunnallisten Mets\u00e4p\u00e4ivien p\u00e4\u00e4lavalle 26.10.2023 ja johdattaa monisatap\u00e4isen yleis\u00f6n tapahtuman t\u00e4m\u00e4n vuoden p\u00e4\u00e4teemaan, tulevaisuuden mets\u00e4alaan.<\/p>\n\n\n\n<p>Mets\u00e4p\u00e4ivien t\u00e4m\u00e4n vuoden avajaispuhuja <strong>Hans Sohlstr\u00f6m<\/strong> tunnetaan vahvana yritysjohtajana ja urasta muun muassa mets\u00e4teollisuuden ja uusiutuvien materiaalien toimialoilla.<\/p>\n\n\n\n<p>Mets\u00e4p\u00e4ivien yleis\u00f6 p\u00e4\u00e4see tuoreeltaan kuulemaan Sohlstr\u00f6m ajatuksia mets\u00e4alan tulevaisuudesta. Sohlstr\u00f6m nimitettiin Stora Enson toimitusjohtajaksi syyskuussa.<\/p>\n\n\n\n<p>Avajaisten j\u00e4lkeen tulevaisuusteemaa k\u00e4sitell\u00e4\u00e4n Mets\u00e4p\u00e4iville tuttuun tapaan monista eri n\u00e4k\u00f6kulmista ja usealla ohjelmalavalla. Tulevaisuusteemaan kuuluu kest\u00e4v\u00e4 ja vastuullinen metsien hoito ja niiden k\u00e4ytt\u00f6. My\u00f6s mets\u00e4alan uudet tuotteet, palvelut, teknologiat ja tulevaisuuden innovaatiot ovat mukana Mets\u00e4p\u00e4ivien ohjelmassa, samoin tulevaisuuden tekij\u00e4t ja alan vetovoima.<\/p>\n\n\n\n<p>Puheenvuoroissa k\u00e4sitell\u00e4\u00e4n esimerkiksi energiantuotannon vaikutuksia maank\u00e4ytt\u00f6\u00f6n, hiilikompensaation merkityst\u00e4 ja kilpailua tulevaisuuden tekij\u00f6ist\u00e4. Muun muassa Luonnonvarakeskuksen, Suomen mets\u00e4keskuksen, Mets\u00e4hallituksen, Tapion ja mets\u00e4alan yritysten asiantuntijat kertovat, miten mets\u00e4ala muuttuu l\u00e4hitulevaisuudessa. <a href=\"https:\/\/eur01.safelinks.protection.outlook.com\/?url=https%3A%2F%2Fsmy.fi%2Fmetsapaivat%2Faivotutkija-katri-saarikivi-on-metsapaivien-iltapaivan-paapuhuja%2F&amp;data=05%7C01%7Ckaarina.aro%40smy.fi%7Ce904d0d8344243ad7f0508dbbdb15c16%7C86c9213b38a54576a88e86ff8e960b57%7C0%7C0%7C638312341678414567%7CUnknown%7CTWFpbGZsb3d8eyJWIjoiMC4wLjAwMDAiLCJQIjoiV2luMzIiLCJBTiI6Ik1haWwiLCJXVCI6Mn0%3D%7C3000%7C%7C%7C&amp;sdata=N%2F51hLHtVb3S0G3q8Rg9%2B%2BIUiHdOQj8m0FtYjEleipk%3D&amp;reserved=0\" target=\"_blank\" rel=\"noreferrer noopener\">Iltap\u00e4iv\u00e4n keynotena<\/a> kuullaan aivotutkija <strong>Katri Saarikive\u00e4<\/strong>.<\/p>\n\n\n\n<p>Seminaarien v\u00e4liss\u00e4 ja lounaan lomassa kannattaa tutustua minimessuihin, joilla on t\u00e4n\u00e4kin vuonna pari kymment\u00e4 n\u00e4ytteilleasettajaa. Ohjelmassa on j\u00e4lleen luvassa my\u00f6s mielenkiintoisia keskusteluja ja kohtaamisia, ty\u00f6pajoja ja tietenkin iltamat.<\/p>\n\n\n\n<p><a href=\"https:\/\/smy.fi\/metsapaivat\/ohjelma\/\">Katso kok<\/a><a href=\"https:\/\/smy.fi\/metsapaivat\/ohjelma\/\" target=\"_blank\" rel=\"noreferrer noopener\">o ohjelma<\/a> ja hanki jo lippusi Mets\u00e4p\u00e4iville 26.\u201327.10.2023 hotelli Clarionissa Helsingiss\u00e4.<\/p>\n\n\n\n<div class=\"wp-block-buttons is-layout-flex wp-block-buttons-is-layout-flex\">\n<div class=\"wp-block-button\"><a class=\"wp-block-button__link wp-element-button\" href=\"https:\/\/smy.fi\/metsapaivat\/liput\/\" target=\"_blank\" rel=\"noreferrer noopener\">Osta lippu Mets\u00e4p\u00e4iville<\/a><\/div>\n<\/div>\n","protected":false},"excerpt":{"rendered":"<p>Stora Enson toimitusjohtaja Hans Sohlstr\u00f6m nousee valtakunnallisten Mets\u00e4p\u00e4ivien p\u00e4\u00e4lavalle 26.10.2023 ja johdattaa monisatap\u00e4isen yleis\u00f6n tapahtuman t\u00e4m\u00e4n vuoden p\u00e4\u00e4teemaan, tulevaisuuden mets\u00e4alaan. Mets\u00e4p\u00e4ivien t\u00e4m\u00e4n vuoden avajaispuhuja Hans Sohlstr\u00f6m tunnetaan vahvana yritysjohtajana ja urasta muun muassa mets\u00e4teollisuuden ja uusiutuvien materiaalien toimialoilla. Mets\u00e4p\u00e4ivien yleis\u00f6 p\u00e4\u00e4see tuoreeltaan kuulemaan Sohlstr\u00f6m ajatuksia mets\u00e4alan tulevaisuudesta. Sohlstr\u00f6m nimitettiin Stora Enson toimitusjohtajaksi syyskuussa. Avajaisten j\u00e4lkeen&#8230;<\/p>\n","protected":false},"author":12,"featured_media":1116,"comment_status":"closed","ping_status":"closed","sticky":false,"template":"","format":"standard","meta":{"_acf_changed":false,"footnotes":""},"categories":[4,5],"tags":[38,39,40],"class_list":["post-1115","post","type-post","status-publish","format-standard","has-post-thumbnail","hentry","category-ajankohtaista","category-tiedotteet","tag-hans-sohlstrom","tag-keynote","tag-keynotepuhuja"],"acf":[],"yoast_head":"<!-- This site is optimized with the Yoast SEO plugin v27.0 - https:\/\/yoast.com\/product\/yoast-seo-wordpress\/ -->\n<title>Stora Enson uusi toimitusjohtaja Hans Sohlstr\u00f6m pit\u00e4\u00e4 Mets\u00e4p\u00e4ivien odotetun avajaispuheen - Mets\u00e4p\u00e4iv\u00e4t<\/title>\n<meta name=\"robots\" content=\"index, follow, max-snippet:-1, max-image-preview:large, max-video-preview:-1\" \/>\n<link rel=\"canonical\" href=\"https:\/\/smy.fi\/metsapaivat\/stora-enson-uusi-toimitusjohtaja-hans-sohlstrom-pitaa-metsapaivien-odotetun-avajaispuheen\/\" \/>\n<meta property=\"og:locale\" content=\"fi_FI\" \/>\n<meta property=\"og:type\" content=\"article\" \/>\n<meta property=\"og:title\" content=\"Stora Enson uusi toimitusjohtaja Hans Sohlstr\u00f6m pit\u00e4\u00e4 Mets\u00e4p\u00e4ivien odotetun avajaispuheen - Mets\u00e4p\u00e4iv\u00e4t\" \/>\n<meta property=\"og:description\" content=\"Stora Enson toimitusjohtaja Hans Sohlstr\u00f6m nousee valtakunnallisten Mets\u00e4p\u00e4ivien p\u00e4\u00e4lavalle 26.10.2023 ja johdattaa monisatap\u00e4isen yleis\u00f6n tapahtuman t\u00e4m\u00e4n vuoden p\u00e4\u00e4teemaan, tulevaisuuden mets\u00e4alaan. Mets\u00e4p\u00e4ivien t\u00e4m\u00e4n vuoden avajaispuhuja Hans Sohlstr\u00f6m tunnetaan vahvana yritysjohtajana ja urasta muun muassa mets\u00e4teollisuuden ja uusiutuvien materiaalien toimialoilla. Mets\u00e4p\u00e4ivien yleis\u00f6 p\u00e4\u00e4see tuoreeltaan kuulemaan Sohlstr\u00f6m ajatuksia mets\u00e4alan tulevaisuudesta. Sohlstr\u00f6m nimitettiin Stora Enson toimitusjohtajaksi syyskuussa. Avajaisten j\u00e4lkeen...\" \/>\n<meta property=\"og:url\" content=\"https:\/\/smy.fi\/metsapaivat\/stora-enson-uusi-toimitusjohtaja-hans-sohlstrom-pitaa-metsapaivien-odotetun-avajaispuheen\/\" \/>\n<meta property=\"og:site_name\" content=\"Mets\u00e4p\u00e4iv\u00e4t\" \/>\n<meta property=\"article:published_time\" content=\"2023-10-12T13:34:00+00:00\" \/>\n<meta property=\"article:modified_time\" content=\"2023-10-26T08:53:39+00:00\" \/>\n<meta property=\"og:image\" content=\"https:\/\/smy.fi\/metsapaivat\/wp-content\/uploads\/sites\/2\/2023\/09\/Hans_Sohlstrom.jpg\" \/>\n\t<meta property=\"og:image:width\" content=\"732\" \/>\n\t<meta property=\"og:image:height\" content=\"488\" \/>\n\t<meta property=\"og:image:type\" content=\"image\/jpeg\" \/>\n<meta name=\"author\" content=\"Kaarina Aro\" \/>\n<meta name=\"twitter:card\" content=\"summary_large_image\" \/>\n<meta name=\"twitter:label1\" content=\"Written by\" \/>\n\t<meta name=\"twitter:data1\" content=\"Kaarina Aro\" \/>\n\t<meta name=\"twitter:label2\" content=\"Est. reading time\" \/>\n\t<meta name=\"twitter:data2\" content=\"1 minuutti\" \/>\n<script type=\"application\/ld+json\" class=\"yoast-schema-graph\">{\"@context\":\"https:\/\/schema.org\",\"@graph\":[{\"@type\":\"Article\",\"@id\":\"https:\/\/smy.fi\/metsapaivat\/stora-enson-uusi-toimitusjohtaja-hans-sohlstrom-pitaa-metsapaivien-odotetun-avajaispuheen\/#article\",\"isPartOf\":{\"@id\":\"https:\/\/smy.fi\/metsapaivat\/stora-enson-uusi-toimitusjohtaja-hans-sohlstrom-pitaa-metsapaivien-odotetun-avajaispuheen\/\"},\"author\":{\"name\":\"Kaarina Aro\",\"@id\":\"https:\/\/smy.fi\/metsapaivat\/#\/schema\/person\/84b8bd9315c19a74ea853da33b2afc90\"},\"headline\":\"Stora Enson uusi toimitusjohtaja Hans Sohlstr\u00f6m pit\u00e4\u00e4 Mets\u00e4p\u00e4ivien odotetun avajaispuheen\",\"datePublished\":\"2023-10-12T13:34:00+00:00\",\"dateModified\":\"2023-10-26T08:53:39+00:00\",\"mainEntityOfPage\":{\"@id\":\"https:\/\/smy.fi\/metsapaivat\/stora-enson-uusi-toimitusjohtaja-hans-sohlstrom-pitaa-metsapaivien-odotetun-avajaispuheen\/\"},\"wordCount\":243,\"image\":{\"@id\":\"https:\/\/smy.fi\/metsapaivat\/stora-enson-uusi-toimitusjohtaja-hans-sohlstrom-pitaa-metsapaivien-odotetun-avajaispuheen\/#primaryimage\"},\"thumbnailUrl\":\"https:\/\/smy.fi\/metsapaivat\/wp-content\/uploads\/sites\/2\/2023\/09\/Hans_Sohlstrom.jpg\",\"keywords\":[\"Hans Sohlstr\u00f6m\",\"keynote\",\"keynotepuhuja\"],\"articleSection\":[\"Ajankohtaista\",\"Tiedotteet\"],\"inLanguage\":\"fi\"},{\"@type\":\"WebPage\",\"@id\":\"https:\/\/smy.fi\/metsapaivat\/stora-enson-uusi-toimitusjohtaja-hans-sohlstrom-pitaa-metsapaivien-odotetun-avajaispuheen\/\",\"url\":\"https:\/\/smy.fi\/metsapaivat\/stora-enson-uusi-toimitusjohtaja-hans-sohlstrom-pitaa-metsapaivien-odotetun-avajaispuheen\/\",\"name\":\"Stora Enson uusi toimitusjohtaja Hans Sohlstr\u00f6m pit\u00e4\u00e4 Mets\u00e4p\u00e4ivien odotetun avajaispuheen - Mets\u00e4p\u00e4iv\u00e4t\",\"isPartOf\":{\"@id\":\"https:\/\/smy.fi\/metsapaivat\/#website\"},\"primaryImageOfPage\":{\"@id\":\"https:\/\/smy.fi\/metsapaivat\/stora-enson-uusi-toimitusjohtaja-hans-sohlstrom-pitaa-metsapaivien-odotetun-avajaispuheen\/#primaryimage\"},\"image\":{\"@id\":\"https:\/\/smy.fi\/metsapaivat\/stora-enson-uusi-toimitusjohtaja-hans-sohlstrom-pitaa-metsapaivien-odotetun-avajaispuheen\/#primaryimage\"},\"thumbnailUrl\":\"https:\/\/smy.fi\/metsapaivat\/wp-content\/uploads\/sites\/2\/2023\/09\/Hans_Sohlstrom.jpg\",\"datePublished\":\"2023-10-12T13:34:00+00:00\",\"dateModified\":\"2023-10-26T08:53:39+00:00\",\"author\":{\"@id\":\"https:\/\/smy.fi\/metsapaivat\/#\/schema\/person\/84b8bd9315c19a74ea853da33b2afc90\"},\"breadcrumb\":{\"@id\":\"https:\/\/smy.fi\/metsapaivat\/stora-enson-uusi-toimitusjohtaja-hans-sohlstrom-pitaa-metsapaivien-odotetun-avajaispuheen\/#breadcrumb\"},\"inLanguage\":\"fi\",\"potentialAction\":[{\"@type\":\"ReadAction\",\"target\":[\"https:\/\/smy.fi\/metsapaivat\/stora-enson-uusi-toimitusjohtaja-hans-sohlstrom-pitaa-metsapaivien-odotetun-avajaispuheen\/\"]}]},{\"@type\":\"ImageObject\",\"inLanguage\":\"fi\",\"@id\":\"https:\/\/smy.fi\/metsapaivat\/stora-enson-uusi-toimitusjohtaja-hans-sohlstrom-pitaa-metsapaivien-odotetun-avajaispuheen\/#primaryimage\",\"url\":\"https:\/\/smy.fi\/metsapaivat\/wp-content\/uploads\/sites\/2\/2023\/09\/Hans_Sohlstrom.jpg\",\"contentUrl\":\"https:\/\/smy.fi\/metsapaivat\/wp-content\/uploads\/sites\/2\/2023\/09\/Hans_Sohlstrom.jpg\",\"width\":732,\"height\":488,\"caption\":\"Hans Sohlstr\u00f6m. Kuva: Stora Enso\"},{\"@type\":\"BreadcrumbList\",\"@id\":\"https:\/\/smy.fi\/metsapaivat\/stora-enson-uusi-toimitusjohtaja-hans-sohlstrom-pitaa-metsapaivien-odotetun-avajaispuheen\/#breadcrumb\",\"itemListElement\":[{\"@type\":\"ListItem\",\"position\":1,\"name\":\"Home\",\"item\":\"https:\/\/smy.fi\/metsapaivat\/\"},{\"@type\":\"ListItem\",\"position\":2,\"name\":\"Stora Enson uusi toimitusjohtaja Hans Sohlstr\u00f6m pit\u00e4\u00e4 Mets\u00e4p\u00e4ivien odotetun avajaispuheen\"}]},{\"@type\":\"WebSite\",\"@id\":\"https:\/\/smy.fi\/metsapaivat\/#website\",\"url\":\"https:\/\/smy.fi\/metsapaivat\/\",\"name\":\"Mets\u00e4p\u00e4iv\u00e4t\",\"description\":\"Uusi SMY Sites -sivusto\",\"potentialAction\":[{\"@type\":\"SearchAction\",\"target\":{\"@type\":\"EntryPoint\",\"urlTemplate\":\"https:\/\/smy.fi\/metsapaivat\/?s={search_term_string}\"},\"query-input\":{\"@type\":\"PropertyValueSpecification\",\"valueRequired\":true,\"valueName\":\"search_term_string\"}}],\"inLanguage\":\"fi\"},{\"@type\":\"Person\",\"@id\":\"https:\/\/smy.fi\/metsapaivat\/#\/schema\/person\/84b8bd9315c19a74ea853da33b2afc90\",\"name\":\"Kaarina Aro\",\"url\":\"https:\/\/smy.fi\/metsapaivat\/author\/kaarina-aro\/\"}]}<\/script>\n<!-- \/ Yoast SEO plugin. -->","yoast_head_json":{"title":"Stora Enson uusi toimitusjohtaja Hans Sohlstr\u00f6m pit\u00e4\u00e4 Mets\u00e4p\u00e4ivien odotetun avajaispuheen - Mets\u00e4p\u00e4iv\u00e4t","robots":{"index":"index","follow":"follow","max-snippet":"max-snippet:-1","max-image-preview":"max-image-preview:large","max-video-preview":"max-video-preview:-1"},"canonical":"https:\/\/smy.fi\/metsapaivat\/stora-enson-uusi-toimitusjohtaja-hans-sohlstrom-pitaa-metsapaivien-odotetun-avajaispuheen\/","og_locale":"fi_FI","og_type":"article","og_title":"Stora Enson uusi toimitusjohtaja Hans Sohlstr\u00f6m pit\u00e4\u00e4 Mets\u00e4p\u00e4ivien odotetun avajaispuheen - Mets\u00e4p\u00e4iv\u00e4t","og_description":"Stora Enson toimitusjohtaja Hans Sohlstr\u00f6m nousee valtakunnallisten Mets\u00e4p\u00e4ivien p\u00e4\u00e4lavalle 26.10.2023 ja johdattaa monisatap\u00e4isen yleis\u00f6n tapahtuman t\u00e4m\u00e4n vuoden p\u00e4\u00e4teemaan, tulevaisuuden mets\u00e4alaan. Mets\u00e4p\u00e4ivien t\u00e4m\u00e4n vuoden avajaispuhuja Hans Sohlstr\u00f6m tunnetaan vahvana yritysjohtajana ja urasta muun muassa mets\u00e4teollisuuden ja uusiutuvien materiaalien toimialoilla. Mets\u00e4p\u00e4ivien yleis\u00f6 p\u00e4\u00e4see tuoreeltaan kuulemaan Sohlstr\u00f6m ajatuksia mets\u00e4alan tulevaisuudesta. Sohlstr\u00f6m nimitettiin Stora Enson toimitusjohtajaksi syyskuussa. Avajaisten j\u00e4lkeen...","og_url":"https:\/\/smy.fi\/metsapaivat\/stora-enson-uusi-toimitusjohtaja-hans-sohlstrom-pitaa-metsapaivien-odotetun-avajaispuheen\/","og_site_name":"Mets\u00e4p\u00e4iv\u00e4t","article_published_time":"2023-10-12T13:34:00+00:00","article_modified_time":"2023-10-26T08:53:39+00:00","og_image":[{"width":732,"height":488,"url":"https:\/\/smy.fi\/metsapaivat\/wp-content\/uploads\/sites\/2\/2023\/09\/Hans_Sohlstrom.jpg","type":"image\/jpeg"}],"author":"Kaarina Aro","twitter_card":"summary_large_image","twitter_misc":{"Written by":"Kaarina Aro","Est. reading time":"1 minuutti"},"schema":{"@context":"https:\/\/schema.org","@graph":[{"@type":"Article","@id":"https:\/\/smy.fi\/metsapaivat\/stora-enson-uusi-toimitusjohtaja-hans-sohlstrom-pitaa-metsapaivien-odotetun-avajaispuheen\/#article","isPartOf":{"@id":"https:\/\/smy.fi\/metsapaivat\/stora-enson-uusi-toimitusjohtaja-hans-sohlstrom-pitaa-metsapaivien-odotetun-avajaispuheen\/"},"author":{"name":"Kaarina Aro","@id":"https:\/\/smy.fi\/metsapaivat\/#\/schema\/person\/84b8bd9315c19a74ea853da33b2afc90"},"headline":"Stora Enson uusi toimitusjohtaja Hans Sohlstr\u00f6m pit\u00e4\u00e4 Mets\u00e4p\u00e4ivien odotetun avajaispuheen","datePublished":"2023-10-12T13:34:00+00:00","dateModified":"2023-10-26T08:53:39+00:00","mainEntityOfPage":{"@id":"https:\/\/smy.fi\/metsapaivat\/stora-enson-uusi-toimitusjohtaja-hans-sohlstrom-pitaa-metsapaivien-odotetun-avajaispuheen\/"},"wordCount":243,"image":{"@id":"https:\/\/smy.fi\/metsapaivat\/stora-enson-uusi-toimitusjohtaja-hans-sohlstrom-pitaa-metsapaivien-odotetun-avajaispuheen\/#primaryimage"},"thumbnailUrl":"https:\/\/smy.fi\/metsapaivat\/wp-content\/uploads\/sites\/2\/2023\/09\/Hans_Sohlstrom.jpg","keywords":["Hans Sohlstr\u00f6m","keynote","keynotepuhuja"],"articleSection":["Ajankohtaista","Tiedotteet"],"inLanguage":"fi"},{"@type":"WebPage","@id":"https:\/\/smy.fi\/metsapaivat\/stora-enson-uusi-toimitusjohtaja-hans-sohlstrom-pitaa-metsapaivien-odotetun-avajaispuheen\/","url":"https:\/\/smy.fi\/metsapaivat\/stora-enson-uusi-toimitusjohtaja-hans-sohlstrom-pitaa-metsapaivien-odotetun-avajaispuheen\/","name":"Stora Enson uusi toimitusjohtaja Hans Sohlstr\u00f6m pit\u00e4\u00e4 Mets\u00e4p\u00e4ivien odotetun avajaispuheen - Mets\u00e4p\u00e4iv\u00e4t","isPartOf":{"@id":"https:\/\/smy.fi\/metsapaivat\/#website"},"primaryImageOfPage":{"@id":"https:\/\/smy.fi\/metsapaivat\/stora-enson-uusi-toimitusjohtaja-hans-sohlstrom-pitaa-metsapaivien-odotetun-avajaispuheen\/#primaryimage"},"image":{"@id":"https:\/\/smy.fi\/metsapaivat\/stora-enson-uusi-toimitusjohtaja-hans-sohlstrom-pitaa-metsapaivien-odotetun-avajaispuheen\/#primaryimage"},"thumbnailUrl":"https:\/\/smy.fi\/metsapaivat\/wp-content\/uploads\/sites\/2\/2023\/09\/Hans_Sohlstrom.jpg","datePublished":"2023-10-12T13:34:00+00:00","dateModified":"2023-10-26T08:53:39+00:00","author":{"@id":"https:\/\/smy.fi\/metsapaivat\/#\/schema\/person\/84b8bd9315c19a74ea853da33b2afc90"},"breadcrumb":{"@id":"https:\/\/smy.fi\/metsapaivat\/stora-enson-uusi-toimitusjohtaja-hans-sohlstrom-pitaa-metsapaivien-odotetun-avajaispuheen\/#breadcrumb"},"inLanguage":"fi","potentialAction":[{"@type":"ReadAction","target":["https:\/\/smy.fi\/metsapaivat\/stora-enson-uusi-toimitusjohtaja-hans-sohlstrom-pitaa-metsapaivien-odotetun-avajaispuheen\/"]}]},{"@type":"ImageObject","inLanguage":"fi","@id":"https:\/\/smy.fi\/metsapaivat\/stora-enson-uusi-toimitusjohtaja-hans-sohlstrom-pitaa-metsapaivien-odotetun-avajaispuheen\/#primaryimage","url":"https:\/\/smy.fi\/metsapaivat\/wp-content\/uploads\/sites\/2\/2023\/09\/Hans_Sohlstrom.jpg","contentUrl":"https:\/\/smy.fi\/metsapaivat\/wp-content\/uploads\/sites\/2\/2023\/09\/Hans_Sohlstrom.jpg","width":732,"height":488,"caption":"Hans Sohlstr\u00f6m. Kuva: Stora Enso"},{"@type":"BreadcrumbList","@id":"https:\/\/smy.fi\/metsapaivat\/stora-enson-uusi-toimitusjohtaja-hans-sohlstrom-pitaa-metsapaivien-odotetun-avajaispuheen\/#breadcrumb","itemListElement":[{"@type":"ListItem","position":1,"name":"Home","item":"https:\/\/smy.fi\/metsapaivat\/"},{"@type":"ListItem","position":2,"name":"Stora Enson uusi toimitusjohtaja Hans Sohlstr\u00f6m pit\u00e4\u00e4 Mets\u00e4p\u00e4ivien odotetun avajaispuheen"}]},{"@type":"WebSite","@id":"https:\/\/smy.fi\/metsapaivat\/#website","url":"https:\/\/smy.fi\/metsapaivat\/","name":"Mets\u00e4p\u00e4iv\u00e4t","description":"Uusi SMY Sites -sivusto","potentialAction":[{"@type":"SearchAction","target":{"@type":"EntryPoint","urlTemplate":"https:\/\/smy.fi\/metsapaivat\/?s={search_term_string}"},"query-input":{"@type":"PropertyValueSpecification","valueRequired":true,"valueName":"search_term_string"}}],"inLanguage":"fi"},{"@type":"Person","@id":"https:\/\/smy.fi\/metsapaivat\/#\/schema\/person\/84b8bd9315c19a74ea853da33b2afc90","name":"Kaarina Aro","url":"https:\/\/smy.fi\/metsapaivat\/author\/kaarina-aro\/"}]}},"_links":{"self":[{"href":"https:\/\/smy.fi\/metsapaivat\/wp-json\/wp\/v2\/posts\/1115","targetHints":{"allow":["GET"]}}],"collection":[{"href":"https:\/\/smy.fi\/metsapaivat\/wp-json\/wp\/v2\/posts"}],"about":[{"href":"https:\/\/smy.fi\/metsapaivat\/wp-json\/wp\/v2\/types\/post"}],"author":[{"embeddable":true,"href":"https:\/\/smy.fi\/metsapaivat\/wp-json\/wp\/v2\/users\/12"}],"replies":[{"embeddable":true,"href":"https:\/\/smy.fi\/metsapaivat\/wp-json\/wp\/v2\/comments?post=1115"}],"version-history":[{"count":0,"href":"https:\/\/smy.fi\/metsapaivat\/wp-json\/wp\/v2\/posts\/1115\/revisions"}],"wp:featuredmedia":[{"embeddable":true,"href":"https:\/\/smy.fi\/metsapaivat\/wp-json\/wp\/v2\/media\/1116"}],"wp:attachment":[{"href":"https:\/\/smy.fi\/metsapaivat\/wp-json\/wp\/v2\/media?parent=1115"}],"wp:term":[{"taxonomy":"category","embeddable":true,"href":"https:\/\/smy.fi\/metsapaivat\/wp-json\/wp\/v2\/categories?post=1115"},{"taxonomy":"post_tag","embeddable":true,"href":"https:\/\/smy.fi\/metsapaivat\/wp-json\/wp\/v2\/tags?post=1115"}],"curies":[{"name":"wp","href":"https:\/\/api.w.org\/{rel}","templated":true}]}}