{"id":1297,"date":"2023-10-26T11:40:17","date_gmt":"2023-10-26T08:40:17","guid":{"rendered":"https:\/\/smyfi.wpenginepowered.com\/metsapaivat\/?p=1297"},"modified":"2023-10-26T11:40:18","modified_gmt":"2023-10-26T08:40:18","slug":"stora-enson-johtaja-hans-sohlstrom-metsapaivilla-puulla-raaka-aineena-on-viela-paljon-kayttamatonta-potentiaalia","status":"publish","type":"post","link":"https:\/\/smy.fi\/metsapaivat\/stora-enson-johtaja-hans-sohlstrom-metsapaivilla-puulla-raaka-aineena-on-viela-paljon-kayttamatonta-potentiaalia\/","title":{"rendered":"Stora Enson johtaja Hans Sohlstr\u00f6m Mets\u00e4p\u00e4ivill\u00e4: Puulla raaka-aineena on viel\u00e4 paljon k\u00e4ytt\u00e4m\u00e4t\u00f6nt\u00e4 potentiaalia"},"content":{"rendered":"\n<p class=\"is-style-lead-text\">Stora Enson toimitusjohtaja Hans Sohlstr\u00f6m korosti valtakunnallisilla Mets\u00e4p\u00e4ivill\u00e4 pit\u00e4m\u00e4ss\u00e4\u00e4n avajaispuheessa yhteisty\u00f6t\u00e4 ja innovointia mets\u00e4alan elinvoimaisuuden varmistamiseksi.<\/p>\n\n\n\n<p>\u201dMeid\u00e4n on pystytt\u00e4v\u00e4 tekem\u00e4\u00e4n v\u00e4hemm\u00e4st\u00e4 viel\u00e4 enemm\u00e4n. Esimerkiksi Imatran tehtaillamme yhdest\u00e4 puukuormasta voidaan t\u00e4n\u00e4\u00e4n valmistaa tuplasti enemm\u00e4n maitot\u00f6lkkikartonkia kuin 30 vuotta sitten\u201d, Hans Sohlstr\u00f6m totesi.<\/p>\n\n\n\n<p>\u201dPuulla raaka-aineena on kuitenkin viel\u00e4 paljon k\u00e4ytt\u00e4m\u00e4t\u00f6nt\u00e4 potentiaalia, joka meid\u00e4n on hy\u00f6dynnett\u00e4v\u00e4 pyrkiess\u00e4mme kohti biotaloutta, jotta pystymme pys\u00e4ytt\u00e4m\u00e4\u00e4n ilmastonmuutoksen. Uusiutuvien tuotteiden lis\u00e4ksi voimme lis\u00e4t\u00e4 puun ja puukuitujen k\u00e4ytt\u00f6\u00e4 rakennusmateriaalina sek\u00e4 muissa tuotteissa ja ratkaisuissa, jotka sitovat hiilt\u00e4.\u201d<\/p>\n\n\n\n<p>Syyskuussa Stora Enson toimitusjohtajaksi nimitetty Sohlstr\u00f6m tunnetaan vahvana yritysjohtajana ja urasta muun muassa mets\u00e4teollisuuden ja uusiutuvien materiaalien toimialoilla. H\u00e4n avasi puheellaan jo 94. kertaa j\u00e4rjestett\u00e4v\u00e4t Mets\u00e4p\u00e4iv\u00e4t, joiden p\u00e4\u00e4teemana t\u00e4n\u00e4 vuonna on mets\u00e4alan tulevaisuus.<\/p>\n\n\n\n<p>Sohlstr\u00f6m korosti monisatap\u00e4iselle mets\u00e4alan asiantuntijayleis\u00f6lle tutkimuksen ja innovoinnin sek\u00e4 yhteisty\u00f6n merkityst\u00e4 alan haasteista ja muutoksesta selvi\u00e4miseen. Eri toimijoiden yhteisty\u00f6ll\u00e4 metsi\u00e4 voidaan h\u00e4nen mukaansa parhaiten hy\u00f6dynt\u00e4\u00e4 taloudellisesti ja samalla huolehtia luonnon monimuotoisuudesta ja luontoarvoista.<\/p>\n\n\n\n<p>Sohlstr\u00f6m muistutti, ett\u00e4 mets\u00e4alan on \u00e4\u00e4rimm\u00e4isen t\u00e4rke\u00e4\u00e4 olla mukana EU-p\u00e4\u00e4t\u00f6ksenteossa ja kansallisen p\u00e4\u00e4t\u00f6ksenteon foorumeilla vaikuttamassa s\u00e4\u00e4ntelyyn. Alan on pystytt\u00e4v\u00e4 tarjoamaan p\u00e4\u00e4t\u00f6ksentekoon rakentavia ja ratkaisukeskeisi\u00e4 n\u00e4kemyksi\u00e4, jotka perustuvat tieteeseen, tutkimukseen ja kokemukseen.<\/p>\n\n\n\n<p>Suomen mets\u00e4alan pysyv\u00e4ksi vahvuudeksi Sohlstr\u00f6m nimesi yksityisten mets\u00e4nomistajien roolin.<\/p>\n\n\n\n<p>\u201dYksityisell\u00e4 mets\u00e4nomistuksella on Suomessa pitk\u00e4 ja vahva historia, ja t\u00e4m\u00e4 t\u00e4rke\u00e4 rooli tulee jatkumaan maamme mets\u00e4sektorin ja -talouden selk\u00e4rankana my\u00f6s tulevaisuudessa.\u201d<\/p>\n\n\n\n<p>Sohlstr\u00f6min avajaispuheen j\u00e4lkeen tulevaisuusteemaa k\u00e4sitell\u00e4\u00e4n Mets\u00e4p\u00e4ivill\u00e4 26.\u201327.10.2023 usealla ohjelmalavalla. Teemaan kuuluu kest\u00e4v\u00e4 ja vastuullinen metsien hoito ja niiden k\u00e4ytt\u00f6. My\u00f6s mets\u00e4alan uudet tuotteet, palvelut, teknologiat ja tulevaisuuden innovaatiot ovat mukana <a href=\"https:\/\/smy.fi\/metsapaivat\/ohjelma\/\">Mets\u00e4p\u00e4ivien ohjelmassa<\/a>, samoin tulevaisuuden tekij\u00e4t ja alan vetovoima. <\/p>\n","protected":false},"excerpt":{"rendered":"<p>Stora Enson toimitusjohtaja Hans Sohlstr\u00f6m korosti valtakunnallisilla Mets\u00e4p\u00e4ivill\u00e4 pit\u00e4m\u00e4ss\u00e4\u00e4n avajaispuheessa yhteisty\u00f6t\u00e4 ja innovointia mets\u00e4alan elinvoimaisuuden varmistamiseksi. \u201dMeid\u00e4n on pystytt\u00e4v\u00e4 tekem\u00e4\u00e4n v\u00e4hemm\u00e4st\u00e4 viel\u00e4 enemm\u00e4n. Esimerkiksi Imatran tehtaillamme yhdest\u00e4 puukuormasta voidaan t\u00e4n\u00e4\u00e4n valmistaa tuplasti enemm\u00e4n maitot\u00f6lkkikartonkia kuin 30 vuotta sitten\u201d, Hans Sohlstr\u00f6m totesi. \u201dPuulla raaka-aineena on kuitenkin viel\u00e4 paljon k\u00e4ytt\u00e4m\u00e4t\u00f6nt\u00e4 potentiaalia, joka meid\u00e4n on hy\u00f6dynnett\u00e4v\u00e4 pyrkiess\u00e4mme kohti&#8230;<\/p>\n","protected":false},"author":9,"featured_media":1317,"comment_status":"closed","ping_status":"closed","sticky":false,"template":"","format":"standard","meta":{"_acf_changed":false,"footnotes":""},"categories":[4],"tags":[],"class_list":["post-1297","post","type-post","status-publish","format-standard","has-post-thumbnail","hentry","category-ajankohtaista"],"acf":[],"yoast_head":"<!-- This site is optimized with the Yoast SEO plugin v27.0 - https:\/\/yoast.com\/product\/yoast-seo-wordpress\/ -->\n<title>Stora Enson johtaja Hans Sohlstr\u00f6m Mets\u00e4p\u00e4ivill\u00e4: Puulla raaka-aineena on viel\u00e4 paljon k\u00e4ytt\u00e4m\u00e4t\u00f6nt\u00e4 potentiaalia - Mets\u00e4p\u00e4iv\u00e4t<\/title>\n<meta name=\"robots\" content=\"index, follow, max-snippet:-1, max-image-preview:large, max-video-preview:-1\" \/>\n<link rel=\"canonical\" href=\"https:\/\/smy.fi\/metsapaivat\/stora-enson-johtaja-hans-sohlstrom-metsapaivilla-puulla-raaka-aineena-on-viela-paljon-kayttamatonta-potentiaalia\/\" \/>\n<meta property=\"og:locale\" content=\"fi_FI\" \/>\n<meta property=\"og:type\" content=\"article\" \/>\n<meta property=\"og:title\" content=\"Stora Enson johtaja Hans Sohlstr\u00f6m Mets\u00e4p\u00e4ivill\u00e4: Puulla raaka-aineena on viel\u00e4 paljon k\u00e4ytt\u00e4m\u00e4t\u00f6nt\u00e4 potentiaalia - Mets\u00e4p\u00e4iv\u00e4t\" \/>\n<meta property=\"og:description\" content=\"Stora Enson toimitusjohtaja Hans Sohlstr\u00f6m korosti valtakunnallisilla Mets\u00e4p\u00e4ivill\u00e4 pit\u00e4m\u00e4ss\u00e4\u00e4n avajaispuheessa yhteisty\u00f6t\u00e4 ja innovointia mets\u00e4alan elinvoimaisuuden varmistamiseksi. \u201dMeid\u00e4n on pystytt\u00e4v\u00e4 tekem\u00e4\u00e4n v\u00e4hemm\u00e4st\u00e4 viel\u00e4 enemm\u00e4n. Esimerkiksi Imatran tehtaillamme yhdest\u00e4 puukuormasta voidaan t\u00e4n\u00e4\u00e4n valmistaa tuplasti enemm\u00e4n maitot\u00f6lkkikartonkia kuin 30 vuotta sitten\u201d, Hans Sohlstr\u00f6m totesi. \u201dPuulla raaka-aineena on kuitenkin viel\u00e4 paljon k\u00e4ytt\u00e4m\u00e4t\u00f6nt\u00e4 potentiaalia, joka meid\u00e4n on hy\u00f6dynnett\u00e4v\u00e4 pyrkiess\u00e4mme kohti...\" \/>\n<meta property=\"og:url\" content=\"https:\/\/smy.fi\/metsapaivat\/stora-enson-johtaja-hans-sohlstrom-metsapaivilla-puulla-raaka-aineena-on-viela-paljon-kayttamatonta-potentiaalia\/\" \/>\n<meta property=\"og:site_name\" content=\"Mets\u00e4p\u00e4iv\u00e4t\" \/>\n<meta property=\"article:published_time\" content=\"2023-10-26T08:40:17+00:00\" \/>\n<meta property=\"article:modified_time\" content=\"2023-10-26T08:40:18+00:00\" \/>\n<meta property=\"og:image\" content=\"https:\/\/smy.fi\/metsapaivat\/wp-content\/uploads\/sites\/2\/2023\/10\/Hans_Sohlstrom_Metsapaivat_VilmaIssakainen2-scaled.jpg\" \/>\n\t<meta property=\"og:image:width\" content=\"2560\" \/>\n\t<meta property=\"og:image:height\" content=\"1708\" \/>\n\t<meta property=\"og:image:type\" content=\"image\/jpeg\" \/>\n<meta name=\"author\" content=\"Anna Kauppi\" \/>\n<meta name=\"twitter:card\" content=\"summary_large_image\" \/>\n<meta name=\"twitter:label1\" content=\"Written by\" \/>\n\t<meta name=\"twitter:data1\" content=\"Anna Kauppi\" \/>\n\t<meta name=\"twitter:label2\" content=\"Est. reading time\" \/>\n\t<meta name=\"twitter:data2\" content=\"2 minuuttia\" \/>\n<script type=\"application\/ld+json\" class=\"yoast-schema-graph\">{\"@context\":\"https:\/\/schema.org\",\"@graph\":[{\"@type\":\"Article\",\"@id\":\"https:\/\/smy.fi\/metsapaivat\/stora-enson-johtaja-hans-sohlstrom-metsapaivilla-puulla-raaka-aineena-on-viela-paljon-kayttamatonta-potentiaalia\/#article\",\"isPartOf\":{\"@id\":\"https:\/\/smy.fi\/metsapaivat\/stora-enson-johtaja-hans-sohlstrom-metsapaivilla-puulla-raaka-aineena-on-viela-paljon-kayttamatonta-potentiaalia\/\"},\"author\":{\"name\":\"Anna Kauppi\",\"@id\":\"https:\/\/smy.fi\/metsapaivat\/#\/schema\/person\/ce08d15b8bd64911859723e23acca625\"},\"headline\":\"Stora Enson johtaja Hans Sohlstr\u00f6m Mets\u00e4p\u00e4ivill\u00e4: Puulla raaka-aineena on viel\u00e4 paljon k\u00e4ytt\u00e4m\u00e4t\u00f6nt\u00e4 potentiaalia\",\"datePublished\":\"2023-10-26T08:40:17+00:00\",\"dateModified\":\"2023-10-26T08:40:18+00:00\",\"mainEntityOfPage\":{\"@id\":\"https:\/\/smy.fi\/metsapaivat\/stora-enson-johtaja-hans-sohlstrom-metsapaivilla-puulla-raaka-aineena-on-viela-paljon-kayttamatonta-potentiaalia\/\"},\"wordCount\":350,\"image\":{\"@id\":\"https:\/\/smy.fi\/metsapaivat\/stora-enson-johtaja-hans-sohlstrom-metsapaivilla-puulla-raaka-aineena-on-viela-paljon-kayttamatonta-potentiaalia\/#primaryimage\"},\"thumbnailUrl\":\"https:\/\/smy.fi\/metsapaivat\/wp-content\/uploads\/sites\/2\/2023\/10\/Hans_Sohlstrom_Metsapaivat_VilmaIssakainen2-scaled.jpg\",\"articleSection\":[\"Ajankohtaista\"],\"inLanguage\":\"fi\"},{\"@type\":\"WebPage\",\"@id\":\"https:\/\/smy.fi\/metsapaivat\/stora-enson-johtaja-hans-sohlstrom-metsapaivilla-puulla-raaka-aineena-on-viela-paljon-kayttamatonta-potentiaalia\/\",\"url\":\"https:\/\/smy.fi\/metsapaivat\/stora-enson-johtaja-hans-sohlstrom-metsapaivilla-puulla-raaka-aineena-on-viela-paljon-kayttamatonta-potentiaalia\/\",\"name\":\"Stora Enson johtaja Hans Sohlstr\u00f6m Mets\u00e4p\u00e4ivill\u00e4: Puulla raaka-aineena on viel\u00e4 paljon k\u00e4ytt\u00e4m\u00e4t\u00f6nt\u00e4 potentiaalia - Mets\u00e4p\u00e4iv\u00e4t\",\"isPartOf\":{\"@id\":\"https:\/\/smy.fi\/metsapaivat\/#website\"},\"primaryImageOfPage\":{\"@id\":\"https:\/\/smy.fi\/metsapaivat\/stora-enson-johtaja-hans-sohlstrom-metsapaivilla-puulla-raaka-aineena-on-viela-paljon-kayttamatonta-potentiaalia\/#primaryimage\"},\"image\":{\"@id\":\"https:\/\/smy.fi\/metsapaivat\/stora-enson-johtaja-hans-sohlstrom-metsapaivilla-puulla-raaka-aineena-on-viela-paljon-kayttamatonta-potentiaalia\/#primaryimage\"},\"thumbnailUrl\":\"https:\/\/smy.fi\/metsapaivat\/wp-content\/uploads\/sites\/2\/2023\/10\/Hans_Sohlstrom_Metsapaivat_VilmaIssakainen2-scaled.jpg\",\"datePublished\":\"2023-10-26T08:40:17+00:00\",\"dateModified\":\"2023-10-26T08:40:18+00:00\",\"author\":{\"@id\":\"https:\/\/smy.fi\/metsapaivat\/#\/schema\/person\/ce08d15b8bd64911859723e23acca625\"},\"breadcrumb\":{\"@id\":\"https:\/\/smy.fi\/metsapaivat\/stora-enson-johtaja-hans-sohlstrom-metsapaivilla-puulla-raaka-aineena-on-viela-paljon-kayttamatonta-potentiaalia\/#breadcrumb\"},\"inLanguage\":\"fi\",\"potentialAction\":[{\"@type\":\"ReadAction\",\"target\":[\"https:\/\/smy.fi\/metsapaivat\/stora-enson-johtaja-hans-sohlstrom-metsapaivilla-puulla-raaka-aineena-on-viela-paljon-kayttamatonta-potentiaalia\/\"]}]},{\"@type\":\"ImageObject\",\"inLanguage\":\"fi\",\"@id\":\"https:\/\/smy.fi\/metsapaivat\/stora-enson-johtaja-hans-sohlstrom-metsapaivilla-puulla-raaka-aineena-on-viela-paljon-kayttamatonta-potentiaalia\/#primaryimage\",\"url\":\"https:\/\/smy.fi\/metsapaivat\/wp-content\/uploads\/sites\/2\/2023\/10\/Hans_Sohlstrom_Metsapaivat_VilmaIssakainen2-scaled.jpg\",\"contentUrl\":\"https:\/\/smy.fi\/metsapaivat\/wp-content\/uploads\/sites\/2\/2023\/10\/Hans_Sohlstrom_Metsapaivat_VilmaIssakainen2-scaled.jpg\",\"width\":2560,\"height\":1708,\"caption\":\"\u201dT\u00e4m\u00e4nhetkisist\u00e4 haasteista huolimatta mets\u00e4teollisuus Pohjoismaissa on menestystarina\u201d, Stora Enson toimitusjohtaja Hans Sohlstr\u00f6m totesi Mets\u00e4p\u00e4ivill\u00e4 2023. Kuva: Vilma Issakainen\"},{\"@type\":\"BreadcrumbList\",\"@id\":\"https:\/\/smy.fi\/metsapaivat\/stora-enson-johtaja-hans-sohlstrom-metsapaivilla-puulla-raaka-aineena-on-viela-paljon-kayttamatonta-potentiaalia\/#breadcrumb\",\"itemListElement\":[{\"@type\":\"ListItem\",\"position\":1,\"name\":\"Home\",\"item\":\"https:\/\/smy.fi\/metsapaivat\/\"},{\"@type\":\"ListItem\",\"position\":2,\"name\":\"Stora Enson johtaja Hans Sohlstr\u00f6m Mets\u00e4p\u00e4ivill\u00e4: Puulla raaka-aineena on viel\u00e4 paljon k\u00e4ytt\u00e4m\u00e4t\u00f6nt\u00e4 potentiaalia\"}]},{\"@type\":\"WebSite\",\"@id\":\"https:\/\/smy.fi\/metsapaivat\/#website\",\"url\":\"https:\/\/smy.fi\/metsapaivat\/\",\"name\":\"Mets\u00e4p\u00e4iv\u00e4t\",\"description\":\"Uusi SMY Sites -sivusto\",\"potentialAction\":[{\"@type\":\"SearchAction\",\"target\":{\"@type\":\"EntryPoint\",\"urlTemplate\":\"https:\/\/smy.fi\/metsapaivat\/?s={search_term_string}\"},\"query-input\":{\"@type\":\"PropertyValueSpecification\",\"valueRequired\":true,\"valueName\":\"search_term_string\"}}],\"inLanguage\":\"fi\"},{\"@type\":\"Person\",\"@id\":\"https:\/\/smy.fi\/metsapaivat\/#\/schema\/person\/ce08d15b8bd64911859723e23acca625\",\"name\":\"Anna Kauppi\",\"url\":\"https:\/\/smy.fi\/metsapaivat\/author\/annakauppi\/\"}]}<\/script>\n<!-- \/ Yoast SEO plugin. -->","yoast_head_json":{"title":"Stora Enson johtaja Hans Sohlstr\u00f6m Mets\u00e4p\u00e4ivill\u00e4: Puulla raaka-aineena on viel\u00e4 paljon k\u00e4ytt\u00e4m\u00e4t\u00f6nt\u00e4 potentiaalia - Mets\u00e4p\u00e4iv\u00e4t","robots":{"index":"index","follow":"follow","max-snippet":"max-snippet:-1","max-image-preview":"max-image-preview:large","max-video-preview":"max-video-preview:-1"},"canonical":"https:\/\/smy.fi\/metsapaivat\/stora-enson-johtaja-hans-sohlstrom-metsapaivilla-puulla-raaka-aineena-on-viela-paljon-kayttamatonta-potentiaalia\/","og_locale":"fi_FI","og_type":"article","og_title":"Stora Enson johtaja Hans Sohlstr\u00f6m Mets\u00e4p\u00e4ivill\u00e4: Puulla raaka-aineena on viel\u00e4 paljon k\u00e4ytt\u00e4m\u00e4t\u00f6nt\u00e4 potentiaalia - Mets\u00e4p\u00e4iv\u00e4t","og_description":"Stora Enson toimitusjohtaja Hans Sohlstr\u00f6m korosti valtakunnallisilla Mets\u00e4p\u00e4ivill\u00e4 pit\u00e4m\u00e4ss\u00e4\u00e4n avajaispuheessa yhteisty\u00f6t\u00e4 ja innovointia mets\u00e4alan elinvoimaisuuden varmistamiseksi. \u201dMeid\u00e4n on pystytt\u00e4v\u00e4 tekem\u00e4\u00e4n v\u00e4hemm\u00e4st\u00e4 viel\u00e4 enemm\u00e4n. Esimerkiksi Imatran tehtaillamme yhdest\u00e4 puukuormasta voidaan t\u00e4n\u00e4\u00e4n valmistaa tuplasti enemm\u00e4n maitot\u00f6lkkikartonkia kuin 30 vuotta sitten\u201d, Hans Sohlstr\u00f6m totesi. \u201dPuulla raaka-aineena on kuitenkin viel\u00e4 paljon k\u00e4ytt\u00e4m\u00e4t\u00f6nt\u00e4 potentiaalia, joka meid\u00e4n on hy\u00f6dynnett\u00e4v\u00e4 pyrkiess\u00e4mme kohti...","og_url":"https:\/\/smy.fi\/metsapaivat\/stora-enson-johtaja-hans-sohlstrom-metsapaivilla-puulla-raaka-aineena-on-viela-paljon-kayttamatonta-potentiaalia\/","og_site_name":"Mets\u00e4p\u00e4iv\u00e4t","article_published_time":"2023-10-26T08:40:17+00:00","article_modified_time":"2023-10-26T08:40:18+00:00","og_image":[{"width":2560,"height":1708,"url":"https:\/\/smy.fi\/metsapaivat\/wp-content\/uploads\/sites\/2\/2023\/10\/Hans_Sohlstrom_Metsapaivat_VilmaIssakainen2-scaled.jpg","type":"image\/jpeg"}],"author":"Anna Kauppi","twitter_card":"summary_large_image","twitter_misc":{"Written by":"Anna Kauppi","Est. reading time":"2 minuuttia"},"schema":{"@context":"https:\/\/schema.org","@graph":[{"@type":"Article","@id":"https:\/\/smy.fi\/metsapaivat\/stora-enson-johtaja-hans-sohlstrom-metsapaivilla-puulla-raaka-aineena-on-viela-paljon-kayttamatonta-potentiaalia\/#article","isPartOf":{"@id":"https:\/\/smy.fi\/metsapaivat\/stora-enson-johtaja-hans-sohlstrom-metsapaivilla-puulla-raaka-aineena-on-viela-paljon-kayttamatonta-potentiaalia\/"},"author":{"name":"Anna Kauppi","@id":"https:\/\/smy.fi\/metsapaivat\/#\/schema\/person\/ce08d15b8bd64911859723e23acca625"},"headline":"Stora Enson johtaja Hans Sohlstr\u00f6m Mets\u00e4p\u00e4ivill\u00e4: Puulla raaka-aineena on viel\u00e4 paljon k\u00e4ytt\u00e4m\u00e4t\u00f6nt\u00e4 potentiaalia","datePublished":"2023-10-26T08:40:17+00:00","dateModified":"2023-10-26T08:40:18+00:00","mainEntityOfPage":{"@id":"https:\/\/smy.fi\/metsapaivat\/stora-enson-johtaja-hans-sohlstrom-metsapaivilla-puulla-raaka-aineena-on-viela-paljon-kayttamatonta-potentiaalia\/"},"wordCount":350,"image":{"@id":"https:\/\/smy.fi\/metsapaivat\/stora-enson-johtaja-hans-sohlstrom-metsapaivilla-puulla-raaka-aineena-on-viela-paljon-kayttamatonta-potentiaalia\/#primaryimage"},"thumbnailUrl":"https:\/\/smy.fi\/metsapaivat\/wp-content\/uploads\/sites\/2\/2023\/10\/Hans_Sohlstrom_Metsapaivat_VilmaIssakainen2-scaled.jpg","articleSection":["Ajankohtaista"],"inLanguage":"fi"},{"@type":"WebPage","@id":"https:\/\/smy.fi\/metsapaivat\/stora-enson-johtaja-hans-sohlstrom-metsapaivilla-puulla-raaka-aineena-on-viela-paljon-kayttamatonta-potentiaalia\/","url":"https:\/\/smy.fi\/metsapaivat\/stora-enson-johtaja-hans-sohlstrom-metsapaivilla-puulla-raaka-aineena-on-viela-paljon-kayttamatonta-potentiaalia\/","name":"Stora Enson johtaja Hans Sohlstr\u00f6m Mets\u00e4p\u00e4ivill\u00e4: Puulla raaka-aineena on viel\u00e4 paljon k\u00e4ytt\u00e4m\u00e4t\u00f6nt\u00e4 potentiaalia - Mets\u00e4p\u00e4iv\u00e4t","isPartOf":{"@id":"https:\/\/smy.fi\/metsapaivat\/#website"},"primaryImageOfPage":{"@id":"https:\/\/smy.fi\/metsapaivat\/stora-enson-johtaja-hans-sohlstrom-metsapaivilla-puulla-raaka-aineena-on-viela-paljon-kayttamatonta-potentiaalia\/#primaryimage"},"image":{"@id":"https:\/\/smy.fi\/metsapaivat\/stora-enson-johtaja-hans-sohlstrom-metsapaivilla-puulla-raaka-aineena-on-viela-paljon-kayttamatonta-potentiaalia\/#primaryimage"},"thumbnailUrl":"https:\/\/smy.fi\/metsapaivat\/wp-content\/uploads\/sites\/2\/2023\/10\/Hans_Sohlstrom_Metsapaivat_VilmaIssakainen2-scaled.jpg","datePublished":"2023-10-26T08:40:17+00:00","dateModified":"2023-10-26T08:40:18+00:00","author":{"@id":"https:\/\/smy.fi\/metsapaivat\/#\/schema\/person\/ce08d15b8bd64911859723e23acca625"},"breadcrumb":{"@id":"https:\/\/smy.fi\/metsapaivat\/stora-enson-johtaja-hans-sohlstrom-metsapaivilla-puulla-raaka-aineena-on-viela-paljon-kayttamatonta-potentiaalia\/#breadcrumb"},"inLanguage":"fi","potentialAction":[{"@type":"ReadAction","target":["https:\/\/smy.fi\/metsapaivat\/stora-enson-johtaja-hans-sohlstrom-metsapaivilla-puulla-raaka-aineena-on-viela-paljon-kayttamatonta-potentiaalia\/"]}]},{"@type":"ImageObject","inLanguage":"fi","@id":"https:\/\/smy.fi\/metsapaivat\/stora-enson-johtaja-hans-sohlstrom-metsapaivilla-puulla-raaka-aineena-on-viela-paljon-kayttamatonta-potentiaalia\/#primaryimage","url":"https:\/\/smy.fi\/metsapaivat\/wp-content\/uploads\/sites\/2\/2023\/10\/Hans_Sohlstrom_Metsapaivat_VilmaIssakainen2-scaled.jpg","contentUrl":"https:\/\/smy.fi\/metsapaivat\/wp-content\/uploads\/sites\/2\/2023\/10\/Hans_Sohlstrom_Metsapaivat_VilmaIssakainen2-scaled.jpg","width":2560,"height":1708,"caption":"\u201dT\u00e4m\u00e4nhetkisist\u00e4 haasteista huolimatta mets\u00e4teollisuus Pohjoismaissa on menestystarina\u201d, Stora Enson toimitusjohtaja Hans Sohlstr\u00f6m totesi Mets\u00e4p\u00e4ivill\u00e4 2023. Kuva: Vilma Issakainen"},{"@type":"BreadcrumbList","@id":"https:\/\/smy.fi\/metsapaivat\/stora-enson-johtaja-hans-sohlstrom-metsapaivilla-puulla-raaka-aineena-on-viela-paljon-kayttamatonta-potentiaalia\/#breadcrumb","itemListElement":[{"@type":"ListItem","position":1,"name":"Home","item":"https:\/\/smy.fi\/metsapaivat\/"},{"@type":"ListItem","position":2,"name":"Stora Enson johtaja Hans Sohlstr\u00f6m Mets\u00e4p\u00e4ivill\u00e4: Puulla raaka-aineena on viel\u00e4 paljon k\u00e4ytt\u00e4m\u00e4t\u00f6nt\u00e4 potentiaalia"}]},{"@type":"WebSite","@id":"https:\/\/smy.fi\/metsapaivat\/#website","url":"https:\/\/smy.fi\/metsapaivat\/","name":"Mets\u00e4p\u00e4iv\u00e4t","description":"Uusi SMY Sites -sivusto","potentialAction":[{"@type":"SearchAction","target":{"@type":"EntryPoint","urlTemplate":"https:\/\/smy.fi\/metsapaivat\/?s={search_term_string}"},"query-input":{"@type":"PropertyValueSpecification","valueRequired":true,"valueName":"search_term_string"}}],"inLanguage":"fi"},{"@type":"Person","@id":"https:\/\/smy.fi\/metsapaivat\/#\/schema\/person\/ce08d15b8bd64911859723e23acca625","name":"Anna Kauppi","url":"https:\/\/smy.fi\/metsapaivat\/author\/annakauppi\/"}]}},"_links":{"self":[{"href":"https:\/\/smy.fi\/metsapaivat\/wp-json\/wp\/v2\/posts\/1297","targetHints":{"allow":["GET"]}}],"collection":[{"href":"https:\/\/smy.fi\/metsapaivat\/wp-json\/wp\/v2\/posts"}],"about":[{"href":"https:\/\/smy.fi\/metsapaivat\/wp-json\/wp\/v2\/types\/post"}],"author":[{"embeddable":true,"href":"https:\/\/smy.fi\/metsapaivat\/wp-json\/wp\/v2\/users\/9"}],"replies":[{"embeddable":true,"href":"https:\/\/smy.fi\/metsapaivat\/wp-json\/wp\/v2\/comments?post=1297"}],"version-history":[{"count":0,"href":"https:\/\/smy.fi\/metsapaivat\/wp-json\/wp\/v2\/posts\/1297\/revisions"}],"wp:featuredmedia":[{"embeddable":true,"href":"https:\/\/smy.fi\/metsapaivat\/wp-json\/wp\/v2\/media\/1317"}],"wp:attachment":[{"href":"https:\/\/smy.fi\/metsapaivat\/wp-json\/wp\/v2\/media?parent=1297"}],"wp:term":[{"taxonomy":"category","embeddable":true,"href":"https:\/\/smy.fi\/metsapaivat\/wp-json\/wp\/v2\/categories?post=1297"},{"taxonomy":"post_tag","embeddable":true,"href":"https:\/\/smy.fi\/metsapaivat\/wp-json\/wp\/v2\/tags?post=1297"}],"curies":[{"name":"wp","href":"https:\/\/api.w.org\/{rel}","templated":true}]}}