{"id":1390,"date":"2023-11-01T11:44:08","date_gmt":"2023-11-01T09:44:08","guid":{"rendered":"https:\/\/smyfi.wpenginepowered.com\/metsapaivat\/?p=1390"},"modified":"2023-11-08T14:50:41","modified_gmt":"2023-11-08T12:50:41","slug":"metsapaivat-uudistuu-metsaalan-suurin-valtakunnallinen-tapahtuma-jarjestetaan-lokakuussa-2024-clarion-helsinki-airport-hotellissa","status":"publish","type":"post","link":"https:\/\/smy.fi\/metsapaivat\/metsapaivat-uudistuu-metsaalan-suurin-valtakunnallinen-tapahtuma-jarjestetaan-lokakuussa-2024-clarion-helsinki-airport-hotellissa\/","title":{"rendered":"Mets\u00e4p\u00e4iv\u00e4t uudistuu: mets\u00e4alan suurin valtakunnallinen tapahtuma j\u00e4rjestet\u00e4\u00e4n lokakuussa 2024 Clarion Helsinki Airport -hotellissa"},"content":{"rendered":"\n<p class=\"is-style-lead-text\">Valtakunnalliset Mets\u00e4p\u00e4iv\u00e4t j\u00e4rjestet\u00e4\u00e4n 24.\u201326.10.2024 lentoaseman Clarion Helsinki Airportissa. Kolmip\u00e4iv\u00e4iseksi kasvava tapahtuma toivottaa mukaan my\u00f6s mets\u00e4nomistajat.<\/p>\n\n\n\n<p>\u201dMets\u00e4p\u00e4ivien ydin on yhteisty\u00f6kumppaniemme kanssa j\u00e4rjestett\u00e4v\u00e4 laaja asiantuntijaohjelma, jolle on tuttuun tapaan omistettu erityisesti tapahtuman ensimm\u00e4inen p\u00e4iv\u00e4 torstai. Perjantaille ja lauantaille on tulossa uusia avauksia ja my\u00f6s uusille kohderyhmille\u201d, Mets\u00e4p\u00e4ivien projektip\u00e4\u00e4llikk\u00f6<strong> Kaarina Aro<\/strong> kertoo.<\/p>\n\n\n\n<p>Suomen Mets\u00e4yhdistyksen jo vuodesta 1925 l\u00e4htien l\u00e4hes vuosittain j\u00e4rjest\u00e4m\u00e4 tapahtuma saa lokakuussa 2024 raameikseen aivan uuden kongressikeskuksen. Clarion Helsinki Airport valmistuu kes\u00e4ll\u00e4 2024 Helsinki-Vantaan lentoaseman yhteyteen ja Mets\u00e4p\u00e4iv\u00e4t on yksi sen ensimm\u00e4isist\u00e4 suurtapahtumista.<\/p>\n\n\n\n<p>\u201dMets\u00e4p\u00e4iv\u00e4t tunnetaan mielenkiintoisen ohjelman lis\u00e4ksi tapaamisista ja tunnelmasta. On hienoa p\u00e4\u00e4st\u00e4 tarjoamaan t\u00e4lle upouusi milj\u00f6\u00f6 yhdess\u00e4 yhteisty\u00f6kumppaniemme kanssa\u201d, Aro sanoo.<\/p>\n\n\n\n<p><a href=\"https:\/\/smy.fi\/metsapaivat\/metsapaivilla-2023-puhuttiin-tulevaisuuden-metsaalasta-katso-kuvat-tunnelmista\/\" target=\"_blank\" rel=\"noreferrer noopener\">Katso kuvat Mets\u00e4p\u00e4ivien 2023 tunnelmista<\/a><\/p>\n","protected":false},"excerpt":{"rendered":"<p>Valtakunnalliset Mets\u00e4p\u00e4iv\u00e4t j\u00e4rjestet\u00e4\u00e4n 24.\u201326.10.2024 lentoaseman Clarion Helsinki Airportissa. Kolmip\u00e4iv\u00e4iseksi kasvava tapahtuma toivottaa mukaan my\u00f6s mets\u00e4nomistajat. \u201dMets\u00e4p\u00e4ivien ydin on yhteisty\u00f6kumppaniemme kanssa j\u00e4rjestett\u00e4v\u00e4 laaja asiantuntijaohjelma, jolle on tuttuun tapaan omistettu erityisesti tapahtuman ensimm\u00e4inen p\u00e4iv\u00e4 torstai. Perjantaille ja lauantaille on tulossa uusia avauksia ja my\u00f6s uusille kohderyhmille\u201d, Mets\u00e4p\u00e4ivien projektip\u00e4\u00e4llikk\u00f6 Kaarina Aro kertoo. Suomen Mets\u00e4yhdistyksen jo vuodesta 1925 l\u00e4htien&#8230;<\/p>\n","protected":false},"author":12,"featured_media":1391,"comment_status":"closed","ping_status":"closed","sticky":false,"template":"","format":"standard","meta":{"_acf_changed":false,"footnotes":""},"categories":[4],"tags":[48,47],"class_list":["post-1390","post","type-post","status-publish","format-standard","has-post-thumbnail","hentry","category-ajankohtaista","tag-clarion-helsinki-airport","tag-metsapaivat-2024"],"acf":[],"yoast_head":"<!-- This site is optimized with the Yoast SEO plugin v27.0 - https:\/\/yoast.com\/product\/yoast-seo-wordpress\/ -->\n<title>Mets\u00e4p\u00e4iv\u00e4t uudistuu: mets\u00e4alan suurin valtakunnallinen tapahtuma j\u00e4rjestet\u00e4\u00e4n lokakuussa 2024 Clarion Helsinki Airport -hotellissa - Mets\u00e4p\u00e4iv\u00e4t<\/title>\n<meta name=\"description\" content=\"Valtakunnallinen mets\u00e4alan tapahtuma Mets\u00e4p\u00e4iv\u00e4t uudistuu: Mets\u00e4p\u00e4iv\u00e4t j\u00e4rjestet\u00e4\u00e4n lokakuussa 2024 Clarion Helsinki Airport -hotellissa kolmip\u00e4iv\u00e4isin\u00e4.\" \/>\n<meta name=\"robots\" content=\"index, follow, max-snippet:-1, max-image-preview:large, max-video-preview:-1\" \/>\n<link rel=\"canonical\" href=\"https:\/\/smy.fi\/metsapaivat\/metsapaivat-uudistuu-metsaalan-suurin-valtakunnallinen-tapahtuma-jarjestetaan-lokakuussa-2024-clarion-helsinki-airport-hotellissa\/\" \/>\n<meta property=\"og:locale\" content=\"fi_FI\" \/>\n<meta property=\"og:type\" content=\"article\" \/>\n<meta property=\"og:title\" content=\"Mets\u00e4p\u00e4iv\u00e4t uudistuu: mets\u00e4alan suurin valtakunnallinen tapahtuma j\u00e4rjestet\u00e4\u00e4n lokakuussa 2024 Clarion Helsinki Airport -hotellissa - Mets\u00e4p\u00e4iv\u00e4t\" \/>\n<meta property=\"og:description\" content=\"Valtakunnallinen mets\u00e4alan tapahtuma Mets\u00e4p\u00e4iv\u00e4t uudistuu: Mets\u00e4p\u00e4iv\u00e4t j\u00e4rjestet\u00e4\u00e4n lokakuussa 2024 Clarion Helsinki Airport -hotellissa kolmip\u00e4iv\u00e4isin\u00e4.\" \/>\n<meta property=\"og:url\" content=\"https:\/\/smy.fi\/metsapaivat\/metsapaivat-uudistuu-metsaalan-suurin-valtakunnallinen-tapahtuma-jarjestetaan-lokakuussa-2024-clarion-helsinki-airport-hotellissa\/\" \/>\n<meta property=\"og:site_name\" content=\"Mets\u00e4p\u00e4iv\u00e4t\" \/>\n<meta property=\"article:published_time\" content=\"2023-11-01T09:44:08+00:00\" \/>\n<meta property=\"article:modified_time\" content=\"2023-11-08T12:50:41+00:00\" \/>\n<meta property=\"og:image\" content=\"https:\/\/smy.fi\/metsapaivat\/wp-content\/uploads\/sites\/2\/2023\/11\/Havainnekuva-Clarion-Hotel-AIRPORT-2024.jpg\" \/>\n\t<meta property=\"og:image:width\" content=\"1450\" \/>\n\t<meta property=\"og:image:height\" content=\"701\" \/>\n\t<meta property=\"og:image:type\" content=\"image\/jpeg\" \/>\n<meta name=\"author\" content=\"Kaarina Aro\" \/>\n<meta name=\"twitter:card\" content=\"summary_large_image\" \/>\n<meta name=\"twitter:label1\" content=\"Written by\" \/>\n\t<meta name=\"twitter:data1\" content=\"Kaarina Aro\" \/>\n\t<meta name=\"twitter:label2\" content=\"Est. reading time\" \/>\n\t<meta name=\"twitter:data2\" content=\"1 minuutti\" \/>\n<script type=\"application\/ld+json\" class=\"yoast-schema-graph\">{\"@context\":\"https:\/\/schema.org\",\"@graph\":[{\"@type\":\"Article\",\"@id\":\"https:\/\/smy.fi\/metsapaivat\/metsapaivat-uudistuu-metsaalan-suurin-valtakunnallinen-tapahtuma-jarjestetaan-lokakuussa-2024-clarion-helsinki-airport-hotellissa\/#article\",\"isPartOf\":{\"@id\":\"https:\/\/smy.fi\/metsapaivat\/metsapaivat-uudistuu-metsaalan-suurin-valtakunnallinen-tapahtuma-jarjestetaan-lokakuussa-2024-clarion-helsinki-airport-hotellissa\/\"},\"author\":{\"name\":\"Kaarina Aro\",\"@id\":\"https:\/\/smy.fi\/metsapaivat\/#\/schema\/person\/84b8bd9315c19a74ea853da33b2afc90\"},\"headline\":\"Mets\u00e4p\u00e4iv\u00e4t uudistuu: mets\u00e4alan suurin valtakunnallinen tapahtuma j\u00e4rjestet\u00e4\u00e4n lokakuussa 2024 Clarion Helsinki Airport -hotellissa\",\"datePublished\":\"2023-11-01T09:44:08+00:00\",\"dateModified\":\"2023-11-08T12:50:41+00:00\",\"mainEntityOfPage\":{\"@id\":\"https:\/\/smy.fi\/metsapaivat\/metsapaivat-uudistuu-metsaalan-suurin-valtakunnallinen-tapahtuma-jarjestetaan-lokakuussa-2024-clarion-helsinki-airport-hotellissa\/\"},\"wordCount\":159,\"image\":{\"@id\":\"https:\/\/smy.fi\/metsapaivat\/metsapaivat-uudistuu-metsaalan-suurin-valtakunnallinen-tapahtuma-jarjestetaan-lokakuussa-2024-clarion-helsinki-airport-hotellissa\/#primaryimage\"},\"thumbnailUrl\":\"https:\/\/smy.fi\/metsapaivat\/wp-content\/uploads\/sites\/2\/2023\/11\/Havainnekuva-Clarion-Hotel-AIRPORT-2024.jpg\",\"keywords\":[\"Clarion Helsinki Airport\",\"Mets\u00e4p\u00e4iv\u00e4t 2024\"],\"articleSection\":[\"Ajankohtaista\"],\"inLanguage\":\"fi\"},{\"@type\":\"WebPage\",\"@id\":\"https:\/\/smy.fi\/metsapaivat\/metsapaivat-uudistuu-metsaalan-suurin-valtakunnallinen-tapahtuma-jarjestetaan-lokakuussa-2024-clarion-helsinki-airport-hotellissa\/\",\"url\":\"https:\/\/smy.fi\/metsapaivat\/metsapaivat-uudistuu-metsaalan-suurin-valtakunnallinen-tapahtuma-jarjestetaan-lokakuussa-2024-clarion-helsinki-airport-hotellissa\/\",\"name\":\"Mets\u00e4p\u00e4iv\u00e4t uudistuu: mets\u00e4alan suurin valtakunnallinen tapahtuma j\u00e4rjestet\u00e4\u00e4n lokakuussa 2024 Clarion Helsinki Airport -hotellissa - Mets\u00e4p\u00e4iv\u00e4t\",\"isPartOf\":{\"@id\":\"https:\/\/smy.fi\/metsapaivat\/#website\"},\"primaryImageOfPage\":{\"@id\":\"https:\/\/smy.fi\/metsapaivat\/metsapaivat-uudistuu-metsaalan-suurin-valtakunnallinen-tapahtuma-jarjestetaan-lokakuussa-2024-clarion-helsinki-airport-hotellissa\/#primaryimage\"},\"image\":{\"@id\":\"https:\/\/smy.fi\/metsapaivat\/metsapaivat-uudistuu-metsaalan-suurin-valtakunnallinen-tapahtuma-jarjestetaan-lokakuussa-2024-clarion-helsinki-airport-hotellissa\/#primaryimage\"},\"thumbnailUrl\":\"https:\/\/smy.fi\/metsapaivat\/wp-content\/uploads\/sites\/2\/2023\/11\/Havainnekuva-Clarion-Hotel-AIRPORT-2024.jpg\",\"datePublished\":\"2023-11-01T09:44:08+00:00\",\"dateModified\":\"2023-11-08T12:50:41+00:00\",\"author\":{\"@id\":\"https:\/\/smy.fi\/metsapaivat\/#\/schema\/person\/84b8bd9315c19a74ea853da33b2afc90\"},\"description\":\"Valtakunnallinen mets\u00e4alan tapahtuma Mets\u00e4p\u00e4iv\u00e4t uudistuu: Mets\u00e4p\u00e4iv\u00e4t j\u00e4rjestet\u00e4\u00e4n lokakuussa 2024 Clarion Helsinki Airport -hotellissa kolmip\u00e4iv\u00e4isin\u00e4.\",\"breadcrumb\":{\"@id\":\"https:\/\/smy.fi\/metsapaivat\/metsapaivat-uudistuu-metsaalan-suurin-valtakunnallinen-tapahtuma-jarjestetaan-lokakuussa-2024-clarion-helsinki-airport-hotellissa\/#breadcrumb\"},\"inLanguage\":\"fi\",\"potentialAction\":[{\"@type\":\"ReadAction\",\"target\":[\"https:\/\/smy.fi\/metsapaivat\/metsapaivat-uudistuu-metsaalan-suurin-valtakunnallinen-tapahtuma-jarjestetaan-lokakuussa-2024-clarion-helsinki-airport-hotellissa\/\"]}]},{\"@type\":\"ImageObject\",\"inLanguage\":\"fi\",\"@id\":\"https:\/\/smy.fi\/metsapaivat\/metsapaivat-uudistuu-metsaalan-suurin-valtakunnallinen-tapahtuma-jarjestetaan-lokakuussa-2024-clarion-helsinki-airport-hotellissa\/#primaryimage\",\"url\":\"https:\/\/smy.fi\/metsapaivat\/wp-content\/uploads\/sites\/2\/2023\/11\/Havainnekuva-Clarion-Hotel-AIRPORT-2024.jpg\",\"contentUrl\":\"https:\/\/smy.fi\/metsapaivat\/wp-content\/uploads\/sites\/2\/2023\/11\/Havainnekuva-Clarion-Hotel-AIRPORT-2024.jpg\",\"width\":1450,\"height\":701,\"caption\":\"Havainnekuva Clarion Helsinki Airport -hotellista.\"},{\"@type\":\"BreadcrumbList\",\"@id\":\"https:\/\/smy.fi\/metsapaivat\/metsapaivat-uudistuu-metsaalan-suurin-valtakunnallinen-tapahtuma-jarjestetaan-lokakuussa-2024-clarion-helsinki-airport-hotellissa\/#breadcrumb\",\"itemListElement\":[{\"@type\":\"ListItem\",\"position\":1,\"name\":\"Home\",\"item\":\"https:\/\/smy.fi\/metsapaivat\/\"},{\"@type\":\"ListItem\",\"position\":2,\"name\":\"Mets\u00e4p\u00e4iv\u00e4t uudistuu: mets\u00e4alan suurin valtakunnallinen tapahtuma j\u00e4rjestet\u00e4\u00e4n lokakuussa 2024 Clarion Helsinki Airport -hotellissa\"}]},{\"@type\":\"WebSite\",\"@id\":\"https:\/\/smy.fi\/metsapaivat\/#website\",\"url\":\"https:\/\/smy.fi\/metsapaivat\/\",\"name\":\"Mets\u00e4p\u00e4iv\u00e4t\",\"description\":\"Uusi SMY Sites -sivusto\",\"potentialAction\":[{\"@type\":\"SearchAction\",\"target\":{\"@type\":\"EntryPoint\",\"urlTemplate\":\"https:\/\/smy.fi\/metsapaivat\/?s={search_term_string}\"},\"query-input\":{\"@type\":\"PropertyValueSpecification\",\"valueRequired\":true,\"valueName\":\"search_term_string\"}}],\"inLanguage\":\"fi\"},{\"@type\":\"Person\",\"@id\":\"https:\/\/smy.fi\/metsapaivat\/#\/schema\/person\/84b8bd9315c19a74ea853da33b2afc90\",\"name\":\"Kaarina Aro\",\"url\":\"https:\/\/smy.fi\/metsapaivat\/author\/kaarina-aro\/\"}]}<\/script>\n<!-- \/ Yoast SEO plugin. -->","yoast_head_json":{"title":"Mets\u00e4p\u00e4iv\u00e4t uudistuu: mets\u00e4alan suurin valtakunnallinen tapahtuma j\u00e4rjestet\u00e4\u00e4n lokakuussa 2024 Clarion Helsinki Airport -hotellissa - Mets\u00e4p\u00e4iv\u00e4t","description":"Valtakunnallinen mets\u00e4alan tapahtuma Mets\u00e4p\u00e4iv\u00e4t uudistuu: Mets\u00e4p\u00e4iv\u00e4t j\u00e4rjestet\u00e4\u00e4n lokakuussa 2024 Clarion Helsinki Airport -hotellissa kolmip\u00e4iv\u00e4isin\u00e4.","robots":{"index":"index","follow":"follow","max-snippet":"max-snippet:-1","max-image-preview":"max-image-preview:large","max-video-preview":"max-video-preview:-1"},"canonical":"https:\/\/smy.fi\/metsapaivat\/metsapaivat-uudistuu-metsaalan-suurin-valtakunnallinen-tapahtuma-jarjestetaan-lokakuussa-2024-clarion-helsinki-airport-hotellissa\/","og_locale":"fi_FI","og_type":"article","og_title":"Mets\u00e4p\u00e4iv\u00e4t uudistuu: mets\u00e4alan suurin valtakunnallinen tapahtuma j\u00e4rjestet\u00e4\u00e4n lokakuussa 2024 Clarion Helsinki Airport -hotellissa - Mets\u00e4p\u00e4iv\u00e4t","og_description":"Valtakunnallinen mets\u00e4alan tapahtuma Mets\u00e4p\u00e4iv\u00e4t uudistuu: Mets\u00e4p\u00e4iv\u00e4t j\u00e4rjestet\u00e4\u00e4n lokakuussa 2024 Clarion Helsinki Airport -hotellissa kolmip\u00e4iv\u00e4isin\u00e4.","og_url":"https:\/\/smy.fi\/metsapaivat\/metsapaivat-uudistuu-metsaalan-suurin-valtakunnallinen-tapahtuma-jarjestetaan-lokakuussa-2024-clarion-helsinki-airport-hotellissa\/","og_site_name":"Mets\u00e4p\u00e4iv\u00e4t","article_published_time":"2023-11-01T09:44:08+00:00","article_modified_time":"2023-11-08T12:50:41+00:00","og_image":[{"width":1450,"height":701,"url":"https:\/\/smy.fi\/metsapaivat\/wp-content\/uploads\/sites\/2\/2023\/11\/Havainnekuva-Clarion-Hotel-AIRPORT-2024.jpg","type":"image\/jpeg"}],"author":"Kaarina Aro","twitter_card":"summary_large_image","twitter_misc":{"Written by":"Kaarina Aro","Est. reading time":"1 minuutti"},"schema":{"@context":"https:\/\/schema.org","@graph":[{"@type":"Article","@id":"https:\/\/smy.fi\/metsapaivat\/metsapaivat-uudistuu-metsaalan-suurin-valtakunnallinen-tapahtuma-jarjestetaan-lokakuussa-2024-clarion-helsinki-airport-hotellissa\/#article","isPartOf":{"@id":"https:\/\/smy.fi\/metsapaivat\/metsapaivat-uudistuu-metsaalan-suurin-valtakunnallinen-tapahtuma-jarjestetaan-lokakuussa-2024-clarion-helsinki-airport-hotellissa\/"},"author":{"name":"Kaarina Aro","@id":"https:\/\/smy.fi\/metsapaivat\/#\/schema\/person\/84b8bd9315c19a74ea853da33b2afc90"},"headline":"Mets\u00e4p\u00e4iv\u00e4t uudistuu: mets\u00e4alan suurin valtakunnallinen tapahtuma j\u00e4rjestet\u00e4\u00e4n lokakuussa 2024 Clarion Helsinki Airport -hotellissa","datePublished":"2023-11-01T09:44:08+00:00","dateModified":"2023-11-08T12:50:41+00:00","mainEntityOfPage":{"@id":"https:\/\/smy.fi\/metsapaivat\/metsapaivat-uudistuu-metsaalan-suurin-valtakunnallinen-tapahtuma-jarjestetaan-lokakuussa-2024-clarion-helsinki-airport-hotellissa\/"},"wordCount":159,"image":{"@id":"https:\/\/smy.fi\/metsapaivat\/metsapaivat-uudistuu-metsaalan-suurin-valtakunnallinen-tapahtuma-jarjestetaan-lokakuussa-2024-clarion-helsinki-airport-hotellissa\/#primaryimage"},"thumbnailUrl":"https:\/\/smy.fi\/metsapaivat\/wp-content\/uploads\/sites\/2\/2023\/11\/Havainnekuva-Clarion-Hotel-AIRPORT-2024.jpg","keywords":["Clarion Helsinki Airport","Mets\u00e4p\u00e4iv\u00e4t 2024"],"articleSection":["Ajankohtaista"],"inLanguage":"fi"},{"@type":"WebPage","@id":"https:\/\/smy.fi\/metsapaivat\/metsapaivat-uudistuu-metsaalan-suurin-valtakunnallinen-tapahtuma-jarjestetaan-lokakuussa-2024-clarion-helsinki-airport-hotellissa\/","url":"https:\/\/smy.fi\/metsapaivat\/metsapaivat-uudistuu-metsaalan-suurin-valtakunnallinen-tapahtuma-jarjestetaan-lokakuussa-2024-clarion-helsinki-airport-hotellissa\/","name":"Mets\u00e4p\u00e4iv\u00e4t uudistuu: mets\u00e4alan suurin valtakunnallinen tapahtuma j\u00e4rjestet\u00e4\u00e4n lokakuussa 2024 Clarion Helsinki Airport -hotellissa - Mets\u00e4p\u00e4iv\u00e4t","isPartOf":{"@id":"https:\/\/smy.fi\/metsapaivat\/#website"},"primaryImageOfPage":{"@id":"https:\/\/smy.fi\/metsapaivat\/metsapaivat-uudistuu-metsaalan-suurin-valtakunnallinen-tapahtuma-jarjestetaan-lokakuussa-2024-clarion-helsinki-airport-hotellissa\/#primaryimage"},"image":{"@id":"https:\/\/smy.fi\/metsapaivat\/metsapaivat-uudistuu-metsaalan-suurin-valtakunnallinen-tapahtuma-jarjestetaan-lokakuussa-2024-clarion-helsinki-airport-hotellissa\/#primaryimage"},"thumbnailUrl":"https:\/\/smy.fi\/metsapaivat\/wp-content\/uploads\/sites\/2\/2023\/11\/Havainnekuva-Clarion-Hotel-AIRPORT-2024.jpg","datePublished":"2023-11-01T09:44:08+00:00","dateModified":"2023-11-08T12:50:41+00:00","author":{"@id":"https:\/\/smy.fi\/metsapaivat\/#\/schema\/person\/84b8bd9315c19a74ea853da33b2afc90"},"description":"Valtakunnallinen mets\u00e4alan tapahtuma Mets\u00e4p\u00e4iv\u00e4t uudistuu: Mets\u00e4p\u00e4iv\u00e4t j\u00e4rjestet\u00e4\u00e4n lokakuussa 2024 Clarion Helsinki Airport -hotellissa kolmip\u00e4iv\u00e4isin\u00e4.","breadcrumb":{"@id":"https:\/\/smy.fi\/metsapaivat\/metsapaivat-uudistuu-metsaalan-suurin-valtakunnallinen-tapahtuma-jarjestetaan-lokakuussa-2024-clarion-helsinki-airport-hotellissa\/#breadcrumb"},"inLanguage":"fi","potentialAction":[{"@type":"ReadAction","target":["https:\/\/smy.fi\/metsapaivat\/metsapaivat-uudistuu-metsaalan-suurin-valtakunnallinen-tapahtuma-jarjestetaan-lokakuussa-2024-clarion-helsinki-airport-hotellissa\/"]}]},{"@type":"ImageObject","inLanguage":"fi","@id":"https:\/\/smy.fi\/metsapaivat\/metsapaivat-uudistuu-metsaalan-suurin-valtakunnallinen-tapahtuma-jarjestetaan-lokakuussa-2024-clarion-helsinki-airport-hotellissa\/#primaryimage","url":"https:\/\/smy.fi\/metsapaivat\/wp-content\/uploads\/sites\/2\/2023\/11\/Havainnekuva-Clarion-Hotel-AIRPORT-2024.jpg","contentUrl":"https:\/\/smy.fi\/metsapaivat\/wp-content\/uploads\/sites\/2\/2023\/11\/Havainnekuva-Clarion-Hotel-AIRPORT-2024.jpg","width":1450,"height":701,"caption":"Havainnekuva Clarion Helsinki Airport -hotellista."},{"@type":"BreadcrumbList","@id":"https:\/\/smy.fi\/metsapaivat\/metsapaivat-uudistuu-metsaalan-suurin-valtakunnallinen-tapahtuma-jarjestetaan-lokakuussa-2024-clarion-helsinki-airport-hotellissa\/#breadcrumb","itemListElement":[{"@type":"ListItem","position":1,"name":"Home","item":"https:\/\/smy.fi\/metsapaivat\/"},{"@type":"ListItem","position":2,"name":"Mets\u00e4p\u00e4iv\u00e4t uudistuu: mets\u00e4alan suurin valtakunnallinen tapahtuma j\u00e4rjestet\u00e4\u00e4n lokakuussa 2024 Clarion Helsinki Airport -hotellissa"}]},{"@type":"WebSite","@id":"https:\/\/smy.fi\/metsapaivat\/#website","url":"https:\/\/smy.fi\/metsapaivat\/","name":"Mets\u00e4p\u00e4iv\u00e4t","description":"Uusi SMY Sites -sivusto","potentialAction":[{"@type":"SearchAction","target":{"@type":"EntryPoint","urlTemplate":"https:\/\/smy.fi\/metsapaivat\/?s={search_term_string}"},"query-input":{"@type":"PropertyValueSpecification","valueRequired":true,"valueName":"search_term_string"}}],"inLanguage":"fi"},{"@type":"Person","@id":"https:\/\/smy.fi\/metsapaivat\/#\/schema\/person\/84b8bd9315c19a74ea853da33b2afc90","name":"Kaarina Aro","url":"https:\/\/smy.fi\/metsapaivat\/author\/kaarina-aro\/"}]}},"_links":{"self":[{"href":"https:\/\/smy.fi\/metsapaivat\/wp-json\/wp\/v2\/posts\/1390","targetHints":{"allow":["GET"]}}],"collection":[{"href":"https:\/\/smy.fi\/metsapaivat\/wp-json\/wp\/v2\/posts"}],"about":[{"href":"https:\/\/smy.fi\/metsapaivat\/wp-json\/wp\/v2\/types\/post"}],"author":[{"embeddable":true,"href":"https:\/\/smy.fi\/metsapaivat\/wp-json\/wp\/v2\/users\/12"}],"replies":[{"embeddable":true,"href":"https:\/\/smy.fi\/metsapaivat\/wp-json\/wp\/v2\/comments?post=1390"}],"version-history":[{"count":0,"href":"https:\/\/smy.fi\/metsapaivat\/wp-json\/wp\/v2\/posts\/1390\/revisions"}],"wp:featuredmedia":[{"embeddable":true,"href":"https:\/\/smy.fi\/metsapaivat\/wp-json\/wp\/v2\/media\/1391"}],"wp:attachment":[{"href":"https:\/\/smy.fi\/metsapaivat\/wp-json\/wp\/v2\/media?parent=1390"}],"wp:term":[{"taxonomy":"category","embeddable":true,"href":"https:\/\/smy.fi\/metsapaivat\/wp-json\/wp\/v2\/categories?post=1390"},{"taxonomy":"post_tag","embeddable":true,"href":"https:\/\/smy.fi\/metsapaivat\/wp-json\/wp\/v2\/tags?post=1390"}],"curies":[{"name":"wp","href":"https:\/\/api.w.org\/{rel}","templated":true}]}}