{"id":2219,"date":"2024-09-25T12:39:44","date_gmt":"2024-09-25T09:39:44","guid":{"rendered":"https:\/\/smyfi.wpenginepowered.com\/metsapaivat\/?p=2219"},"modified":"2024-10-26T15:26:55","modified_gmt":"2024-10-26T12:26:55","slug":"suuri-yhteiskunnallinen-metsakeskustelu-pureutuu-metsanomistukseen-katso-puhujalistan-tunnetut-nimet","status":"publish","type":"post","link":"https:\/\/smy.fi\/metsapaivat\/suuri-yhteiskunnallinen-metsakeskustelu-pureutuu-metsanomistukseen-katso-puhujalistan-tunnetut-nimet\/","title":{"rendered":"Suuri yhteiskunnallinen mets\u00e4keskustelu pureutuu mets\u00e4nomistukseen \u2013 katso puhujalistan tunnetut nimet\u00a0"},"content":{"rendered":"\n<p class=\"is-style-lead-text\">Mets\u00e4p\u00e4ivien yleis\u00f6p\u00e4iv\u00e4n 26.10.2024 avaa suuri yhteiskunnallinen mets\u00e4keskustelu mets\u00e4nomistuksen muutoksesta.&nbsp;<\/p>\n\n\n\n<p>Mets\u00e4nomistus ja mets\u00e4nomistajan rooli her\u00e4tt\u00e4\u00e4 kiihtyv\u00e4\u00e4 keskustelua ja monia mielipiteit\u00e4.&nbsp;&nbsp;<\/p>\n\n\n\n<p>Suurimman osan Suomen metsist\u00e4 omistavat yksityishenkil\u00f6t, mutta samalla ne koetaan kaikkien yhteisiksi. Media ja mets\u00e4keskustelu ovat lis\u00e4nneet suuren yleis\u00f6n mielenkiintoa metsien hoitoon, k\u00e4ytt\u00f6\u00f6n ja suojeluun.&nbsp;&nbsp;<\/p>\n\n\n\n<p>Oman lukunsa metsien omistukseen tuo EU ja sen s\u00e4\u00e4d\u00f6kset. Sukupolvenvaihdosten my\u00f6t\u00e4 edess\u00e4 voi olla muutoksia my\u00f6s mets\u00e4osaamiseen, kun yh\u00e4 suuremman osan mets\u00e4\u00e4 omistavat tulevaisuudessa kaupunkilaiset. Ent\u00e4 millaisia ovat tulevaisuuden mets\u00e4nomistajan arvot ja tavoitteet?&nbsp;<\/p>\n\n\n\n<p>Mets\u00e4nomistajuuden muutoksista keskustellaan Mets\u00e4p\u00e4ivien p\u00e4\u00e4lavalla lauantaina 26.10. kello 10\u201311. Mets\u00e4alan suurtapahtuma on lauantaina avoin kaikille ja suunnattu erityisesti mets\u00e4nomistajille. Yleis\u00f6p\u00e4iv\u00e4n ja suuren yhteiskunnallisen mets\u00e4keskustelun p\u00e4\u00e4yhteisty\u00f6kumppani on MTK.&nbsp;&nbsp;<\/p>\n\n\n\n<p>Suuren yhteiskunnallisen mets\u00e4keskustelun lavalle nousevat Euroopan parlamentin j\u00e4sen <strong>Elsi Katainen<\/strong>, ymp\u00e4rist\u00f6- ja ilmastoministeri <strong>Kai Mykk\u00e4nen<\/strong>, maa- ja mets\u00e4talousministeri\u00f6n mets\u00e4- ja biotalousyksikk\u00f6\u00e4 johtava mets\u00e4neuvos <strong>Erno J\u00e4rvinen<\/strong>, MTK:n mets\u00e4valtuuskunnan puheenjohtaja <strong>Mikko Tiirola<\/strong>, Koneen s\u00e4\u00e4ti\u00f6 Mets\u00e4n puolella -hankkeen muutosjohtaja <strong>Mari Pantsar<\/strong>, Mets\u00e4teollisuus ry:n toimitusjohtaja <strong>Paula Lehtom\u00e4ki<\/strong>, Luonnonvarakeskuksen tutkimusylijohtaja <strong>Antti Asikainen<\/strong> ja etel\u00e4savolainen mets\u00e4nomistaja <strong>Kaisa Ralli<\/strong>.&nbsp;&nbsp;<\/p>\n\n\n\n<p>Keskustelun juontavat toimittajana tunnettu <strong>Laura Ruohola<\/strong> ja Ylen tuottaja <strong>Markus Liimatainen<\/strong>.<\/p>\n\n\n\n<p>Tapahtuma on yksi Mets\u00e4p\u00e4ivien <a href=\"https:\/\/yle.fi\/aihe\/hyvin-sanottu\" target=\"_blank\" rel=\"noreferrer noopener\">Hyvin sanottu<\/a> -keskusteluista, joissa edistet\u00e4\u00e4n kunnioittavaa ja rakentavaa keskustelukulttuuria.&nbsp;<\/p>\n\n\n\n<p><a href=\"https:\/\/smy.fi\/metsapaivat\/liput\/\"><strong>Osta lippu Mets\u00e4p\u00e4iville 2024<\/strong><\/a><\/p>\n","protected":false},"excerpt":{"rendered":"<p>Mets\u00e4p\u00e4ivien yleis\u00f6p\u00e4iv\u00e4n 26.10.2024 avaa suuri yhteiskunnallinen mets\u00e4keskustelu mets\u00e4nomistuksen muutoksesta.&nbsp; Mets\u00e4nomistus ja mets\u00e4nomistajan rooli her\u00e4tt\u00e4\u00e4 kiihtyv\u00e4\u00e4 keskustelua ja monia mielipiteit\u00e4.&nbsp;&nbsp; Suurimman osan Suomen metsist\u00e4 omistavat yksityishenkil\u00f6t, mutta samalla ne koetaan kaikkien yhteisiksi. Media ja mets\u00e4keskustelu ovat lis\u00e4nneet suuren yleis\u00f6n mielenkiintoa metsien hoitoon, k\u00e4ytt\u00f6\u00f6n ja suojeluun.&nbsp;&nbsp; Oman lukunsa metsien omistukseen tuo EU ja sen s\u00e4\u00e4d\u00f6kset. Sukupolvenvaihdosten my\u00f6t\u00e4&#8230;<\/p>\n","protected":false},"author":5,"featured_media":2291,"comment_status":"closed","ping_status":"closed","sticky":false,"template":"","format":"standard","meta":{"_acf_changed":false,"footnotes":""},"categories":[4],"tags":[],"class_list":["post-2219","post","type-post","status-publish","format-standard","has-post-thumbnail","hentry","category-ajankohtaista"],"acf":[],"yoast_head":"<!-- This site is optimized with the Yoast SEO plugin v27.0 - https:\/\/yoast.com\/product\/yoast-seo-wordpress\/ -->\n<title>Suuri yhteiskunnallinen mets\u00e4keskustelu pureutuu mets\u00e4nomistukseen \u2013 katso puhujalistan tunnetut nimet\u00a0 - Mets\u00e4p\u00e4iv\u00e4t<\/title>\n<meta name=\"robots\" content=\"index, follow, max-snippet:-1, max-image-preview:large, max-video-preview:-1\" \/>\n<link rel=\"canonical\" href=\"https:\/\/smy.fi\/metsapaivat\/suuri-yhteiskunnallinen-metsakeskustelu-pureutuu-metsanomistukseen-katso-puhujalistan-tunnetut-nimet\/\" \/>\n<meta property=\"og:locale\" content=\"fi_FI\" \/>\n<meta property=\"og:type\" content=\"article\" \/>\n<meta property=\"og:title\" content=\"Suuri yhteiskunnallinen mets\u00e4keskustelu pureutuu mets\u00e4nomistukseen \u2013 katso puhujalistan tunnetut nimet\u00a0 - Mets\u00e4p\u00e4iv\u00e4t\" \/>\n<meta property=\"og:description\" content=\"Mets\u00e4p\u00e4ivien yleis\u00f6p\u00e4iv\u00e4n 26.10.2024 avaa suuri yhteiskunnallinen mets\u00e4keskustelu mets\u00e4nomistuksen muutoksesta.&nbsp; Mets\u00e4nomistus ja mets\u00e4nomistajan rooli her\u00e4tt\u00e4\u00e4 kiihtyv\u00e4\u00e4 keskustelua ja monia mielipiteit\u00e4.&nbsp;&nbsp; Suurimman osan Suomen metsist\u00e4 omistavat yksityishenkil\u00f6t, mutta samalla ne koetaan kaikkien yhteisiksi. Media ja mets\u00e4keskustelu ovat lis\u00e4nneet suuren yleis\u00f6n mielenkiintoa metsien hoitoon, k\u00e4ytt\u00f6\u00f6n ja suojeluun.&nbsp;&nbsp; Oman lukunsa metsien omistukseen tuo EU ja sen s\u00e4\u00e4d\u00f6kset. Sukupolvenvaihdosten my\u00f6t\u00e4...\" \/>\n<meta property=\"og:url\" content=\"https:\/\/smy.fi\/metsapaivat\/suuri-yhteiskunnallinen-metsakeskustelu-pureutuu-metsanomistukseen-katso-puhujalistan-tunnetut-nimet\/\" \/>\n<meta property=\"og:site_name\" content=\"Mets\u00e4p\u00e4iv\u00e4t\" \/>\n<meta property=\"article:published_time\" content=\"2024-09-25T09:39:44+00:00\" \/>\n<meta property=\"article:modified_time\" content=\"2024-10-26T12:26:55+00:00\" \/>\n<meta property=\"og:image\" content=\"https:\/\/smy.fi\/metsapaivat\/wp-content\/uploads\/sites\/2\/2024\/09\/Suuri-Metsakeskustelu2.jpg\" \/>\n\t<meta property=\"og:image:width\" content=\"1600\" \/>\n\t<meta property=\"og:image:height\" content=\"1068\" \/>\n\t<meta property=\"og:image:type\" content=\"image\/jpeg\" \/>\n<meta name=\"author\" content=\"Vilma Issakainen\" \/>\n<meta name=\"twitter:card\" content=\"summary_large_image\" \/>\n<meta name=\"twitter:label1\" content=\"Written by\" \/>\n\t<meta name=\"twitter:data1\" content=\"Vilma Issakainen\" \/>\n\t<meta name=\"twitter:label2\" content=\"Est. reading time\" \/>\n\t<meta name=\"twitter:data2\" content=\"1 minuutti\" \/>\n<script type=\"application\/ld+json\" class=\"yoast-schema-graph\">{\"@context\":\"https:\/\/schema.org\",\"@graph\":[{\"@type\":\"Article\",\"@id\":\"https:\/\/smy.fi\/metsapaivat\/suuri-yhteiskunnallinen-metsakeskustelu-pureutuu-metsanomistukseen-katso-puhujalistan-tunnetut-nimet\/#article\",\"isPartOf\":{\"@id\":\"https:\/\/smy.fi\/metsapaivat\/suuri-yhteiskunnallinen-metsakeskustelu-pureutuu-metsanomistukseen-katso-puhujalistan-tunnetut-nimet\/\"},\"author\":{\"name\":\"Vilma Issakainen\",\"@id\":\"https:\/\/smy.fi\/metsapaivat\/#\/schema\/person\/665b74057cdde002e6924a711b60399a\"},\"headline\":\"Suuri yhteiskunnallinen mets\u00e4keskustelu pureutuu mets\u00e4nomistukseen \u2013 katso puhujalistan tunnetut nimet\u00a0\",\"datePublished\":\"2024-09-25T09:39:44+00:00\",\"dateModified\":\"2024-10-26T12:26:55+00:00\",\"mainEntityOfPage\":{\"@id\":\"https:\/\/smy.fi\/metsapaivat\/suuri-yhteiskunnallinen-metsakeskustelu-pureutuu-metsanomistukseen-katso-puhujalistan-tunnetut-nimet\/\"},\"wordCount\":260,\"image\":{\"@id\":\"https:\/\/smy.fi\/metsapaivat\/suuri-yhteiskunnallinen-metsakeskustelu-pureutuu-metsanomistukseen-katso-puhujalistan-tunnetut-nimet\/#primaryimage\"},\"thumbnailUrl\":\"https:\/\/smy.fi\/metsapaivat\/wp-content\/uploads\/sites\/2\/2024\/09\/Suuri-Metsakeskustelu2.jpg\",\"articleSection\":[\"Ajankohtaista\"],\"inLanguage\":\"fi\"},{\"@type\":\"WebPage\",\"@id\":\"https:\/\/smy.fi\/metsapaivat\/suuri-yhteiskunnallinen-metsakeskustelu-pureutuu-metsanomistukseen-katso-puhujalistan-tunnetut-nimet\/\",\"url\":\"https:\/\/smy.fi\/metsapaivat\/suuri-yhteiskunnallinen-metsakeskustelu-pureutuu-metsanomistukseen-katso-puhujalistan-tunnetut-nimet\/\",\"name\":\"Suuri yhteiskunnallinen mets\u00e4keskustelu pureutuu mets\u00e4nomistukseen \u2013 katso puhujalistan tunnetut nimet\u00a0 - Mets\u00e4p\u00e4iv\u00e4t\",\"isPartOf\":{\"@id\":\"https:\/\/smy.fi\/metsapaivat\/#website\"},\"primaryImageOfPage\":{\"@id\":\"https:\/\/smy.fi\/metsapaivat\/suuri-yhteiskunnallinen-metsakeskustelu-pureutuu-metsanomistukseen-katso-puhujalistan-tunnetut-nimet\/#primaryimage\"},\"image\":{\"@id\":\"https:\/\/smy.fi\/metsapaivat\/suuri-yhteiskunnallinen-metsakeskustelu-pureutuu-metsanomistukseen-katso-puhujalistan-tunnetut-nimet\/#primaryimage\"},\"thumbnailUrl\":\"https:\/\/smy.fi\/metsapaivat\/wp-content\/uploads\/sites\/2\/2024\/09\/Suuri-Metsakeskustelu2.jpg\",\"datePublished\":\"2024-09-25T09:39:44+00:00\",\"dateModified\":\"2024-10-26T12:26:55+00:00\",\"author\":{\"@id\":\"https:\/\/smy.fi\/metsapaivat\/#\/schema\/person\/665b74057cdde002e6924a711b60399a\"},\"breadcrumb\":{\"@id\":\"https:\/\/smy.fi\/metsapaivat\/suuri-yhteiskunnallinen-metsakeskustelu-pureutuu-metsanomistukseen-katso-puhujalistan-tunnetut-nimet\/#breadcrumb\"},\"inLanguage\":\"fi\",\"potentialAction\":[{\"@type\":\"ReadAction\",\"target\":[\"https:\/\/smy.fi\/metsapaivat\/suuri-yhteiskunnallinen-metsakeskustelu-pureutuu-metsanomistukseen-katso-puhujalistan-tunnetut-nimet\/\"]}]},{\"@type\":\"ImageObject\",\"inLanguage\":\"fi\",\"@id\":\"https:\/\/smy.fi\/metsapaivat\/suuri-yhteiskunnallinen-metsakeskustelu-pureutuu-metsanomistukseen-katso-puhujalistan-tunnetut-nimet\/#primaryimage\",\"url\":\"https:\/\/smy.fi\/metsapaivat\/wp-content\/uploads\/sites\/2\/2024\/09\/Suuri-Metsakeskustelu2.jpg\",\"contentUrl\":\"https:\/\/smy.fi\/metsapaivat\/wp-content\/uploads\/sites\/2\/2024\/09\/Suuri-Metsakeskustelu2.jpg\",\"width\":1600,\"height\":1068},{\"@type\":\"BreadcrumbList\",\"@id\":\"https:\/\/smy.fi\/metsapaivat\/suuri-yhteiskunnallinen-metsakeskustelu-pureutuu-metsanomistukseen-katso-puhujalistan-tunnetut-nimet\/#breadcrumb\",\"itemListElement\":[{\"@type\":\"ListItem\",\"position\":1,\"name\":\"Home\",\"item\":\"https:\/\/smy.fi\/metsapaivat\/\"},{\"@type\":\"ListItem\",\"position\":2,\"name\":\"Suuri yhteiskunnallinen mets\u00e4keskustelu pureutuu mets\u00e4nomistukseen \u2013 katso puhujalistan tunnetut nimet\u00a0\"}]},{\"@type\":\"WebSite\",\"@id\":\"https:\/\/smy.fi\/metsapaivat\/#website\",\"url\":\"https:\/\/smy.fi\/metsapaivat\/\",\"name\":\"Mets\u00e4p\u00e4iv\u00e4t\",\"description\":\"Uusi SMY Sites -sivusto\",\"potentialAction\":[{\"@type\":\"SearchAction\",\"target\":{\"@type\":\"EntryPoint\",\"urlTemplate\":\"https:\/\/smy.fi\/metsapaivat\/?s={search_term_string}\"},\"query-input\":{\"@type\":\"PropertyValueSpecification\",\"valueRequired\":true,\"valueName\":\"search_term_string\"}}],\"inLanguage\":\"fi\"},{\"@type\":\"Person\",\"@id\":\"https:\/\/smy.fi\/metsapaivat\/#\/schema\/person\/665b74057cdde002e6924a711b60399a\",\"name\":\"Vilma Issakainen\",\"url\":\"https:\/\/smy.fi\/metsapaivat\/author\/vilma\/\"}]}<\/script>\n<!-- \/ Yoast SEO plugin. -->","yoast_head_json":{"title":"Suuri yhteiskunnallinen mets\u00e4keskustelu pureutuu mets\u00e4nomistukseen \u2013 katso puhujalistan tunnetut nimet\u00a0 - Mets\u00e4p\u00e4iv\u00e4t","robots":{"index":"index","follow":"follow","max-snippet":"max-snippet:-1","max-image-preview":"max-image-preview:large","max-video-preview":"max-video-preview:-1"},"canonical":"https:\/\/smy.fi\/metsapaivat\/suuri-yhteiskunnallinen-metsakeskustelu-pureutuu-metsanomistukseen-katso-puhujalistan-tunnetut-nimet\/","og_locale":"fi_FI","og_type":"article","og_title":"Suuri yhteiskunnallinen mets\u00e4keskustelu pureutuu mets\u00e4nomistukseen \u2013 katso puhujalistan tunnetut nimet\u00a0 - Mets\u00e4p\u00e4iv\u00e4t","og_description":"Mets\u00e4p\u00e4ivien yleis\u00f6p\u00e4iv\u00e4n 26.10.2024 avaa suuri yhteiskunnallinen mets\u00e4keskustelu mets\u00e4nomistuksen muutoksesta.&nbsp; Mets\u00e4nomistus ja mets\u00e4nomistajan rooli her\u00e4tt\u00e4\u00e4 kiihtyv\u00e4\u00e4 keskustelua ja monia mielipiteit\u00e4.&nbsp;&nbsp; Suurimman osan Suomen metsist\u00e4 omistavat yksityishenkil\u00f6t, mutta samalla ne koetaan kaikkien yhteisiksi. Media ja mets\u00e4keskustelu ovat lis\u00e4nneet suuren yleis\u00f6n mielenkiintoa metsien hoitoon, k\u00e4ytt\u00f6\u00f6n ja suojeluun.&nbsp;&nbsp; Oman lukunsa metsien omistukseen tuo EU ja sen s\u00e4\u00e4d\u00f6kset. Sukupolvenvaihdosten my\u00f6t\u00e4...","og_url":"https:\/\/smy.fi\/metsapaivat\/suuri-yhteiskunnallinen-metsakeskustelu-pureutuu-metsanomistukseen-katso-puhujalistan-tunnetut-nimet\/","og_site_name":"Mets\u00e4p\u00e4iv\u00e4t","article_published_time":"2024-09-25T09:39:44+00:00","article_modified_time":"2024-10-26T12:26:55+00:00","og_image":[{"width":1600,"height":1068,"url":"https:\/\/smy.fi\/metsapaivat\/wp-content\/uploads\/sites\/2\/2024\/09\/Suuri-Metsakeskustelu2.jpg","type":"image\/jpeg"}],"author":"Vilma Issakainen","twitter_card":"summary_large_image","twitter_misc":{"Written by":"Vilma Issakainen","Est. reading time":"1 minuutti"},"schema":{"@context":"https:\/\/schema.org","@graph":[{"@type":"Article","@id":"https:\/\/smy.fi\/metsapaivat\/suuri-yhteiskunnallinen-metsakeskustelu-pureutuu-metsanomistukseen-katso-puhujalistan-tunnetut-nimet\/#article","isPartOf":{"@id":"https:\/\/smy.fi\/metsapaivat\/suuri-yhteiskunnallinen-metsakeskustelu-pureutuu-metsanomistukseen-katso-puhujalistan-tunnetut-nimet\/"},"author":{"name":"Vilma Issakainen","@id":"https:\/\/smy.fi\/metsapaivat\/#\/schema\/person\/665b74057cdde002e6924a711b60399a"},"headline":"Suuri yhteiskunnallinen mets\u00e4keskustelu pureutuu mets\u00e4nomistukseen \u2013 katso puhujalistan tunnetut nimet\u00a0","datePublished":"2024-09-25T09:39:44+00:00","dateModified":"2024-10-26T12:26:55+00:00","mainEntityOfPage":{"@id":"https:\/\/smy.fi\/metsapaivat\/suuri-yhteiskunnallinen-metsakeskustelu-pureutuu-metsanomistukseen-katso-puhujalistan-tunnetut-nimet\/"},"wordCount":260,"image":{"@id":"https:\/\/smy.fi\/metsapaivat\/suuri-yhteiskunnallinen-metsakeskustelu-pureutuu-metsanomistukseen-katso-puhujalistan-tunnetut-nimet\/#primaryimage"},"thumbnailUrl":"https:\/\/smy.fi\/metsapaivat\/wp-content\/uploads\/sites\/2\/2024\/09\/Suuri-Metsakeskustelu2.jpg","articleSection":["Ajankohtaista"],"inLanguage":"fi"},{"@type":"WebPage","@id":"https:\/\/smy.fi\/metsapaivat\/suuri-yhteiskunnallinen-metsakeskustelu-pureutuu-metsanomistukseen-katso-puhujalistan-tunnetut-nimet\/","url":"https:\/\/smy.fi\/metsapaivat\/suuri-yhteiskunnallinen-metsakeskustelu-pureutuu-metsanomistukseen-katso-puhujalistan-tunnetut-nimet\/","name":"Suuri yhteiskunnallinen mets\u00e4keskustelu pureutuu mets\u00e4nomistukseen \u2013 katso puhujalistan tunnetut nimet\u00a0 - Mets\u00e4p\u00e4iv\u00e4t","isPartOf":{"@id":"https:\/\/smy.fi\/metsapaivat\/#website"},"primaryImageOfPage":{"@id":"https:\/\/smy.fi\/metsapaivat\/suuri-yhteiskunnallinen-metsakeskustelu-pureutuu-metsanomistukseen-katso-puhujalistan-tunnetut-nimet\/#primaryimage"},"image":{"@id":"https:\/\/smy.fi\/metsapaivat\/suuri-yhteiskunnallinen-metsakeskustelu-pureutuu-metsanomistukseen-katso-puhujalistan-tunnetut-nimet\/#primaryimage"},"thumbnailUrl":"https:\/\/smy.fi\/metsapaivat\/wp-content\/uploads\/sites\/2\/2024\/09\/Suuri-Metsakeskustelu2.jpg","datePublished":"2024-09-25T09:39:44+00:00","dateModified":"2024-10-26T12:26:55+00:00","author":{"@id":"https:\/\/smy.fi\/metsapaivat\/#\/schema\/person\/665b74057cdde002e6924a711b60399a"},"breadcrumb":{"@id":"https:\/\/smy.fi\/metsapaivat\/suuri-yhteiskunnallinen-metsakeskustelu-pureutuu-metsanomistukseen-katso-puhujalistan-tunnetut-nimet\/#breadcrumb"},"inLanguage":"fi","potentialAction":[{"@type":"ReadAction","target":["https:\/\/smy.fi\/metsapaivat\/suuri-yhteiskunnallinen-metsakeskustelu-pureutuu-metsanomistukseen-katso-puhujalistan-tunnetut-nimet\/"]}]},{"@type":"ImageObject","inLanguage":"fi","@id":"https:\/\/smy.fi\/metsapaivat\/suuri-yhteiskunnallinen-metsakeskustelu-pureutuu-metsanomistukseen-katso-puhujalistan-tunnetut-nimet\/#primaryimage","url":"https:\/\/smy.fi\/metsapaivat\/wp-content\/uploads\/sites\/2\/2024\/09\/Suuri-Metsakeskustelu2.jpg","contentUrl":"https:\/\/smy.fi\/metsapaivat\/wp-content\/uploads\/sites\/2\/2024\/09\/Suuri-Metsakeskustelu2.jpg","width":1600,"height":1068},{"@type":"BreadcrumbList","@id":"https:\/\/smy.fi\/metsapaivat\/suuri-yhteiskunnallinen-metsakeskustelu-pureutuu-metsanomistukseen-katso-puhujalistan-tunnetut-nimet\/#breadcrumb","itemListElement":[{"@type":"ListItem","position":1,"name":"Home","item":"https:\/\/smy.fi\/metsapaivat\/"},{"@type":"ListItem","position":2,"name":"Suuri yhteiskunnallinen mets\u00e4keskustelu pureutuu mets\u00e4nomistukseen \u2013 katso puhujalistan tunnetut nimet\u00a0"}]},{"@type":"WebSite","@id":"https:\/\/smy.fi\/metsapaivat\/#website","url":"https:\/\/smy.fi\/metsapaivat\/","name":"Mets\u00e4p\u00e4iv\u00e4t","description":"Uusi SMY Sites -sivusto","potentialAction":[{"@type":"SearchAction","target":{"@type":"EntryPoint","urlTemplate":"https:\/\/smy.fi\/metsapaivat\/?s={search_term_string}"},"query-input":{"@type":"PropertyValueSpecification","valueRequired":true,"valueName":"search_term_string"}}],"inLanguage":"fi"},{"@type":"Person","@id":"https:\/\/smy.fi\/metsapaivat\/#\/schema\/person\/665b74057cdde002e6924a711b60399a","name":"Vilma Issakainen","url":"https:\/\/smy.fi\/metsapaivat\/author\/vilma\/"}]}},"_links":{"self":[{"href":"https:\/\/smy.fi\/metsapaivat\/wp-json\/wp\/v2\/posts\/2219","targetHints":{"allow":["GET"]}}],"collection":[{"href":"https:\/\/smy.fi\/metsapaivat\/wp-json\/wp\/v2\/posts"}],"about":[{"href":"https:\/\/smy.fi\/metsapaivat\/wp-json\/wp\/v2\/types\/post"}],"author":[{"embeddable":true,"href":"https:\/\/smy.fi\/metsapaivat\/wp-json\/wp\/v2\/users\/5"}],"replies":[{"embeddable":true,"href":"https:\/\/smy.fi\/metsapaivat\/wp-json\/wp\/v2\/comments?post=2219"}],"version-history":[{"count":0,"href":"https:\/\/smy.fi\/metsapaivat\/wp-json\/wp\/v2\/posts\/2219\/revisions"}],"wp:featuredmedia":[{"embeddable":true,"href":"https:\/\/smy.fi\/metsapaivat\/wp-json\/wp\/v2\/media\/2291"}],"wp:attachment":[{"href":"https:\/\/smy.fi\/metsapaivat\/wp-json\/wp\/v2\/media?parent=2219"}],"wp:term":[{"taxonomy":"category","embeddable":true,"href":"https:\/\/smy.fi\/metsapaivat\/wp-json\/wp\/v2\/categories?post=2219"},{"taxonomy":"post_tag","embeddable":true,"href":"https:\/\/smy.fi\/metsapaivat\/wp-json\/wp\/v2\/tags?post=2219"}],"curies":[{"name":"wp","href":"https:\/\/api.w.org\/{rel}","templated":true}]}}