{"id":222,"date":"2022-05-31T18:06:50","date_gmt":"2022-05-31T15:06:50","guid":{"rendered":"https:\/\/smyfi.wpenginepowered.com\/metsapaivat\/?p=222"},"modified":"2022-12-19T18:09:24","modified_gmt":"2022-12-19T16:09:24","slug":"metsapaivien-minimessuilla-tapaat-keihaslegendat-tero-pitkamaen-ja-antti-ruuskasen","status":"publish","type":"post","link":"https:\/\/smy.fi\/metsapaivat\/metsapaivien-minimessuilla-tapaat-keihaslegendat-tero-pitkamaen-ja-antti-ruuskasen\/","title":{"rendered":"Mets\u00e4p\u00e4ivien minimessuilla tapaat keih\u00e4slegendat Tero Pitk\u00e4m\u00e4en ja Antti Ruuskasen"},"content":{"rendered":"\n<p class=\"is-style-lead-text\">Mets\u00e4p\u00e4ivien minimessuilla esitt\u00e4ytyy j\u00e4lleen laaja kirjo mets\u00e4alan toimijoita. Mukana ovat my\u00f6s tuoreet yritt\u00e4j\u00e4t, paremmin viel\u00e4 keih\u00e4ssaavutuksistaan tunnetut Tero Pitk\u00e4m\u00e4ki ja Antti Ruuskanen.<\/p>\n\n\n\n<p>\u201dYrityksess\u00e4mme sovelletaan Teron ja Antin huippu-urheilu-uran aikana ker\u00e4\u00e4mi\u00e4 oppeja, jotka johdattivat meid\u00e4t yhteens\u00e4 kymmeneen arvokilpailumitaliin. Uskallammekin t\u00e4m\u00e4n johdosta luvata, ett\u00e4 tarjoamme kaikille asiakkaillemme mestarillista mets\u00e4nhoitoa\u201d, yritt\u00e4j\u00e4t kehaisevat mets\u00e4koneurakointia ja lentolannoitusta tarjoavan Pitk\u00e4m\u00e4ki &amp; Ruuskanen Forest Oy:n verkkosivulla<strong>.<\/strong><\/p>\n\n\n\n<p>Tuttuun tapaan minimessut levitt\u00e4ytyv\u00e4t Mets\u00e4p\u00e4ivien p\u00e4\u00e4salin aulaan. Mukana on monia tunnettuja yrityksi\u00e4, organisaatioita ja hankkeita.<\/p>\n\n\n\n<p>Messuista rakentuu j\u00e4lleen Mets\u00e4p\u00e4ivien odotettu ja pidetty kohtauspaikka, jossa tavataan tuttuja ja verkostoidutaan uusien kollegojen kanssa. T\u00e4n\u00e4 vuonna mukana on ensimm\u00e4ist\u00e4 kertaa my\u00f6s k\u00e4nnyk\u00e4ll\u00e4 pelattava Minimessupeli. Peliss\u00e4 on kysymyksi\u00e4, joiden vastaukset l\u00f6ytyv\u00e4t minimessuosastoilta. Vastaamalla oikein pelaaja ker\u00e4\u00e4 itselleen pisteit\u00e4, jotka n\u00e4ytet\u00e4\u00e4n pelin tulostaulukossa. Parhaat pisteet saaneet pelaajat palkitaan.<\/p>\n\n\n\n<p>Minimessut aukeavat yht\u00e4 aikaa Mets\u00e4p\u00e4ivien avajaisten kanssa aamulla 27.10.2022 ja kest\u00e4v\u00e4t ensimm\u00e4isen tapahtumap\u00e4iv\u00e4n iltamiin saakka.<\/p>\n\n\n\n<p>Messut sis\u00e4ltyv\u00e4t Mets\u00e4p\u00e4iv\u00e4t-lippuun.<\/p>\n","protected":false},"excerpt":{"rendered":"<p>Mets\u00e4p\u00e4ivien minimessuilla esitt\u00e4ytyy j\u00e4lleen laaja kirjo mets\u00e4alan toimijoita. Mukana ovat my\u00f6s tuoreet yritt\u00e4j\u00e4t, paremmin viel\u00e4 keih\u00e4ssaavutuksistaan tunnetut Tero Pitk\u00e4m\u00e4ki ja Antti Ruuskanen. \u201dYrityksess\u00e4mme sovelletaan Teron ja Antin huippu-urheilu-uran aikana ker\u00e4\u00e4mi\u00e4 oppeja, jotka johdattivat meid\u00e4t yhteens\u00e4 kymmeneen arvokilpailumitaliin. Uskallammekin t\u00e4m\u00e4n johdosta luvata, ett\u00e4 tarjoamme kaikille asiakkaillemme mestarillista mets\u00e4nhoitoa\u201d, yritt\u00e4j\u00e4t kehaisevat mets\u00e4koneurakointia ja lentolannoitusta tarjoavan Pitk\u00e4m\u00e4ki &amp;&#8230;<\/p>\n","protected":false},"author":5,"featured_media":223,"comment_status":"closed","ping_status":"closed","sticky":false,"template":"","format":"standard","meta":{"_acf_changed":false,"footnotes":""},"categories":[4],"tags":[],"class_list":["post-222","post","type-post","status-publish","format-standard","has-post-thumbnail","hentry","category-ajankohtaista"],"acf":[],"yoast_head":"<!-- This site is optimized with the Yoast SEO plugin v27.0 - https:\/\/yoast.com\/product\/yoast-seo-wordpress\/ -->\n<title>Mets\u00e4p\u00e4ivien minimessuilla tapaat keih\u00e4slegendat Tero Pitk\u00e4m\u00e4en ja Antti Ruuskasen - Mets\u00e4p\u00e4iv\u00e4t<\/title>\n<meta name=\"robots\" content=\"index, follow, max-snippet:-1, max-image-preview:large, max-video-preview:-1\" \/>\n<link rel=\"canonical\" href=\"https:\/\/smy.fi\/metsapaivat\/metsapaivien-minimessuilla-tapaat-keihaslegendat-tero-pitkamaen-ja-antti-ruuskasen\/\" \/>\n<meta property=\"og:locale\" content=\"fi_FI\" \/>\n<meta property=\"og:type\" content=\"article\" \/>\n<meta property=\"og:title\" content=\"Mets\u00e4p\u00e4ivien minimessuilla tapaat keih\u00e4slegendat Tero Pitk\u00e4m\u00e4en ja Antti Ruuskasen - Mets\u00e4p\u00e4iv\u00e4t\" \/>\n<meta property=\"og:description\" content=\"Mets\u00e4p\u00e4ivien minimessuilla esitt\u00e4ytyy j\u00e4lleen laaja kirjo mets\u00e4alan toimijoita. Mukana ovat my\u00f6s tuoreet yritt\u00e4j\u00e4t, paremmin viel\u00e4 keih\u00e4ssaavutuksistaan tunnetut Tero Pitk\u00e4m\u00e4ki ja Antti Ruuskanen. \u201dYrityksess\u00e4mme sovelletaan Teron ja Antin huippu-urheilu-uran aikana ker\u00e4\u00e4mi\u00e4 oppeja, jotka johdattivat meid\u00e4t yhteens\u00e4 kymmeneen arvokilpailumitaliin. Uskallammekin t\u00e4m\u00e4n johdosta luvata, ett\u00e4 tarjoamme kaikille asiakkaillemme mestarillista mets\u00e4nhoitoa\u201d, yritt\u00e4j\u00e4t kehaisevat mets\u00e4koneurakointia ja lentolannoitusta tarjoavan Pitk\u00e4m\u00e4ki &amp;...\" \/>\n<meta property=\"og:url\" content=\"https:\/\/smy.fi\/metsapaivat\/metsapaivien-minimessuilla-tapaat-keihaslegendat-tero-pitkamaen-ja-antti-ruuskasen\/\" \/>\n<meta property=\"og:site_name\" content=\"Mets\u00e4p\u00e4iv\u00e4t\" \/>\n<meta property=\"article:published_time\" content=\"2022-05-31T15:06:50+00:00\" \/>\n<meta property=\"article:modified_time\" content=\"2022-12-19T16:09:24+00:00\" \/>\n<meta property=\"og:image\" content=\"https:\/\/smy.fi\/metsapaivat\/wp-content\/uploads\/sites\/2\/2022\/12\/PitkamakiRuuskanen-800x533-1.jpg\" \/>\n\t<meta property=\"og:image:width\" content=\"800\" \/>\n\t<meta property=\"og:image:height\" content=\"533\" \/>\n\t<meta property=\"og:image:type\" content=\"image\/jpeg\" \/>\n<meta name=\"author\" content=\"Vilma Issakainen\" \/>\n<meta name=\"twitter:card\" content=\"summary_large_image\" \/>\n<meta name=\"twitter:label1\" content=\"Written by\" \/>\n\t<meta name=\"twitter:data1\" content=\"Vilma Issakainen\" \/>\n\t<meta name=\"twitter:label2\" content=\"Est. reading time\" \/>\n\t<meta name=\"twitter:data2\" content=\"1 minuutti\" \/>\n<script type=\"application\/ld+json\" class=\"yoast-schema-graph\">{\"@context\":\"https:\/\/schema.org\",\"@graph\":[{\"@type\":\"Article\",\"@id\":\"https:\/\/smy.fi\/metsapaivat\/metsapaivien-minimessuilla-tapaat-keihaslegendat-tero-pitkamaen-ja-antti-ruuskasen\/#article\",\"isPartOf\":{\"@id\":\"https:\/\/smy.fi\/metsapaivat\/metsapaivien-minimessuilla-tapaat-keihaslegendat-tero-pitkamaen-ja-antti-ruuskasen\/\"},\"author\":{\"name\":\"Vilma Issakainen\",\"@id\":\"https:\/\/smy.fi\/metsapaivat\/#\/schema\/person\/665b74057cdde002e6924a711b60399a\"},\"headline\":\"Mets\u00e4p\u00e4ivien minimessuilla tapaat keih\u00e4slegendat Tero Pitk\u00e4m\u00e4en ja Antti Ruuskasen\",\"datePublished\":\"2022-05-31T15:06:50+00:00\",\"dateModified\":\"2022-12-19T16:09:24+00:00\",\"mainEntityOfPage\":{\"@id\":\"https:\/\/smy.fi\/metsapaivat\/metsapaivien-minimessuilla-tapaat-keihaslegendat-tero-pitkamaen-ja-antti-ruuskasen\/\"},\"wordCount\":205,\"image\":{\"@id\":\"https:\/\/smy.fi\/metsapaivat\/metsapaivien-minimessuilla-tapaat-keihaslegendat-tero-pitkamaen-ja-antti-ruuskasen\/#primaryimage\"},\"thumbnailUrl\":\"https:\/\/smy.fi\/metsapaivat\/wp-content\/uploads\/sites\/2\/2022\/12\/PitkamakiRuuskanen-800x533-1.jpg\",\"articleSection\":[\"Ajankohtaista\"],\"inLanguage\":\"fi\"},{\"@type\":\"WebPage\",\"@id\":\"https:\/\/smy.fi\/metsapaivat\/metsapaivien-minimessuilla-tapaat-keihaslegendat-tero-pitkamaen-ja-antti-ruuskasen\/\",\"url\":\"https:\/\/smy.fi\/metsapaivat\/metsapaivien-minimessuilla-tapaat-keihaslegendat-tero-pitkamaen-ja-antti-ruuskasen\/\",\"name\":\"Mets\u00e4p\u00e4ivien minimessuilla tapaat keih\u00e4slegendat Tero Pitk\u00e4m\u00e4en ja Antti Ruuskasen - Mets\u00e4p\u00e4iv\u00e4t\",\"isPartOf\":{\"@id\":\"https:\/\/smy.fi\/metsapaivat\/#website\"},\"primaryImageOfPage\":{\"@id\":\"https:\/\/smy.fi\/metsapaivat\/metsapaivien-minimessuilla-tapaat-keihaslegendat-tero-pitkamaen-ja-antti-ruuskasen\/#primaryimage\"},\"image\":{\"@id\":\"https:\/\/smy.fi\/metsapaivat\/metsapaivien-minimessuilla-tapaat-keihaslegendat-tero-pitkamaen-ja-antti-ruuskasen\/#primaryimage\"},\"thumbnailUrl\":\"https:\/\/smy.fi\/metsapaivat\/wp-content\/uploads\/sites\/2\/2022\/12\/PitkamakiRuuskanen-800x533-1.jpg\",\"datePublished\":\"2022-05-31T15:06:50+00:00\",\"dateModified\":\"2022-12-19T16:09:24+00:00\",\"author\":{\"@id\":\"https:\/\/smy.fi\/metsapaivat\/#\/schema\/person\/665b74057cdde002e6924a711b60399a\"},\"breadcrumb\":{\"@id\":\"https:\/\/smy.fi\/metsapaivat\/metsapaivien-minimessuilla-tapaat-keihaslegendat-tero-pitkamaen-ja-antti-ruuskasen\/#breadcrumb\"},\"inLanguage\":\"fi\",\"potentialAction\":[{\"@type\":\"ReadAction\",\"target\":[\"https:\/\/smy.fi\/metsapaivat\/metsapaivien-minimessuilla-tapaat-keihaslegendat-tero-pitkamaen-ja-antti-ruuskasen\/\"]}]},{\"@type\":\"ImageObject\",\"inLanguage\":\"fi\",\"@id\":\"https:\/\/smy.fi\/metsapaivat\/metsapaivien-minimessuilla-tapaat-keihaslegendat-tero-pitkamaen-ja-antti-ruuskasen\/#primaryimage\",\"url\":\"https:\/\/smy.fi\/metsapaivat\/wp-content\/uploads\/sites\/2\/2022\/12\/PitkamakiRuuskanen-800x533-1.jpg\",\"contentUrl\":\"https:\/\/smy.fi\/metsapaivat\/wp-content\/uploads\/sites\/2\/2022\/12\/PitkamakiRuuskanen-800x533-1.jpg\",\"width\":800,\"height\":533,\"caption\":\"Tero Pitk\u00e4m\u00e4ki ja Antti Ruuskanen esittelev\u00e4t Mets\u00e4p\u00e4ivien minimessuilla yrityst\u00e4\u00e4n.\"},{\"@type\":\"BreadcrumbList\",\"@id\":\"https:\/\/smy.fi\/metsapaivat\/metsapaivien-minimessuilla-tapaat-keihaslegendat-tero-pitkamaen-ja-antti-ruuskasen\/#breadcrumb\",\"itemListElement\":[{\"@type\":\"ListItem\",\"position\":1,\"name\":\"Home\",\"item\":\"https:\/\/smy.fi\/metsapaivat\/\"},{\"@type\":\"ListItem\",\"position\":2,\"name\":\"Mets\u00e4p\u00e4ivien minimessuilla tapaat keih\u00e4slegendat Tero Pitk\u00e4m\u00e4en ja Antti Ruuskasen\"}]},{\"@type\":\"WebSite\",\"@id\":\"https:\/\/smy.fi\/metsapaivat\/#website\",\"url\":\"https:\/\/smy.fi\/metsapaivat\/\",\"name\":\"Mets\u00e4p\u00e4iv\u00e4t\",\"description\":\"Uusi SMY Sites -sivusto\",\"potentialAction\":[{\"@type\":\"SearchAction\",\"target\":{\"@type\":\"EntryPoint\",\"urlTemplate\":\"https:\/\/smy.fi\/metsapaivat\/?s={search_term_string}\"},\"query-input\":{\"@type\":\"PropertyValueSpecification\",\"valueRequired\":true,\"valueName\":\"search_term_string\"}}],\"inLanguage\":\"fi\"},{\"@type\":\"Person\",\"@id\":\"https:\/\/smy.fi\/metsapaivat\/#\/schema\/person\/665b74057cdde002e6924a711b60399a\",\"name\":\"Vilma Issakainen\",\"url\":\"https:\/\/smy.fi\/metsapaivat\/author\/vilma\/\"}]}<\/script>\n<!-- \/ Yoast SEO plugin. -->","yoast_head_json":{"title":"Mets\u00e4p\u00e4ivien minimessuilla tapaat keih\u00e4slegendat Tero Pitk\u00e4m\u00e4en ja Antti Ruuskasen - Mets\u00e4p\u00e4iv\u00e4t","robots":{"index":"index","follow":"follow","max-snippet":"max-snippet:-1","max-image-preview":"max-image-preview:large","max-video-preview":"max-video-preview:-1"},"canonical":"https:\/\/smy.fi\/metsapaivat\/metsapaivien-minimessuilla-tapaat-keihaslegendat-tero-pitkamaen-ja-antti-ruuskasen\/","og_locale":"fi_FI","og_type":"article","og_title":"Mets\u00e4p\u00e4ivien minimessuilla tapaat keih\u00e4slegendat Tero Pitk\u00e4m\u00e4en ja Antti Ruuskasen - Mets\u00e4p\u00e4iv\u00e4t","og_description":"Mets\u00e4p\u00e4ivien minimessuilla esitt\u00e4ytyy j\u00e4lleen laaja kirjo mets\u00e4alan toimijoita. Mukana ovat my\u00f6s tuoreet yritt\u00e4j\u00e4t, paremmin viel\u00e4 keih\u00e4ssaavutuksistaan tunnetut Tero Pitk\u00e4m\u00e4ki ja Antti Ruuskanen. \u201dYrityksess\u00e4mme sovelletaan Teron ja Antin huippu-urheilu-uran aikana ker\u00e4\u00e4mi\u00e4 oppeja, jotka johdattivat meid\u00e4t yhteens\u00e4 kymmeneen arvokilpailumitaliin. Uskallammekin t\u00e4m\u00e4n johdosta luvata, ett\u00e4 tarjoamme kaikille asiakkaillemme mestarillista mets\u00e4nhoitoa\u201d, yritt\u00e4j\u00e4t kehaisevat mets\u00e4koneurakointia ja lentolannoitusta tarjoavan Pitk\u00e4m\u00e4ki &amp;...","og_url":"https:\/\/smy.fi\/metsapaivat\/metsapaivien-minimessuilla-tapaat-keihaslegendat-tero-pitkamaen-ja-antti-ruuskasen\/","og_site_name":"Mets\u00e4p\u00e4iv\u00e4t","article_published_time":"2022-05-31T15:06:50+00:00","article_modified_time":"2022-12-19T16:09:24+00:00","og_image":[{"width":800,"height":533,"url":"https:\/\/smy.fi\/metsapaivat\/wp-content\/uploads\/sites\/2\/2022\/12\/PitkamakiRuuskanen-800x533-1.jpg","type":"image\/jpeg"}],"author":"Vilma Issakainen","twitter_card":"summary_large_image","twitter_misc":{"Written by":"Vilma Issakainen","Est. reading time":"1 minuutti"},"schema":{"@context":"https:\/\/schema.org","@graph":[{"@type":"Article","@id":"https:\/\/smy.fi\/metsapaivat\/metsapaivien-minimessuilla-tapaat-keihaslegendat-tero-pitkamaen-ja-antti-ruuskasen\/#article","isPartOf":{"@id":"https:\/\/smy.fi\/metsapaivat\/metsapaivien-minimessuilla-tapaat-keihaslegendat-tero-pitkamaen-ja-antti-ruuskasen\/"},"author":{"name":"Vilma Issakainen","@id":"https:\/\/smy.fi\/metsapaivat\/#\/schema\/person\/665b74057cdde002e6924a711b60399a"},"headline":"Mets\u00e4p\u00e4ivien minimessuilla tapaat keih\u00e4slegendat Tero Pitk\u00e4m\u00e4en ja Antti Ruuskasen","datePublished":"2022-05-31T15:06:50+00:00","dateModified":"2022-12-19T16:09:24+00:00","mainEntityOfPage":{"@id":"https:\/\/smy.fi\/metsapaivat\/metsapaivien-minimessuilla-tapaat-keihaslegendat-tero-pitkamaen-ja-antti-ruuskasen\/"},"wordCount":205,"image":{"@id":"https:\/\/smy.fi\/metsapaivat\/metsapaivien-minimessuilla-tapaat-keihaslegendat-tero-pitkamaen-ja-antti-ruuskasen\/#primaryimage"},"thumbnailUrl":"https:\/\/smy.fi\/metsapaivat\/wp-content\/uploads\/sites\/2\/2022\/12\/PitkamakiRuuskanen-800x533-1.jpg","articleSection":["Ajankohtaista"],"inLanguage":"fi"},{"@type":"WebPage","@id":"https:\/\/smy.fi\/metsapaivat\/metsapaivien-minimessuilla-tapaat-keihaslegendat-tero-pitkamaen-ja-antti-ruuskasen\/","url":"https:\/\/smy.fi\/metsapaivat\/metsapaivien-minimessuilla-tapaat-keihaslegendat-tero-pitkamaen-ja-antti-ruuskasen\/","name":"Mets\u00e4p\u00e4ivien minimessuilla tapaat keih\u00e4slegendat Tero Pitk\u00e4m\u00e4en ja Antti Ruuskasen - Mets\u00e4p\u00e4iv\u00e4t","isPartOf":{"@id":"https:\/\/smy.fi\/metsapaivat\/#website"},"primaryImageOfPage":{"@id":"https:\/\/smy.fi\/metsapaivat\/metsapaivien-minimessuilla-tapaat-keihaslegendat-tero-pitkamaen-ja-antti-ruuskasen\/#primaryimage"},"image":{"@id":"https:\/\/smy.fi\/metsapaivat\/metsapaivien-minimessuilla-tapaat-keihaslegendat-tero-pitkamaen-ja-antti-ruuskasen\/#primaryimage"},"thumbnailUrl":"https:\/\/smy.fi\/metsapaivat\/wp-content\/uploads\/sites\/2\/2022\/12\/PitkamakiRuuskanen-800x533-1.jpg","datePublished":"2022-05-31T15:06:50+00:00","dateModified":"2022-12-19T16:09:24+00:00","author":{"@id":"https:\/\/smy.fi\/metsapaivat\/#\/schema\/person\/665b74057cdde002e6924a711b60399a"},"breadcrumb":{"@id":"https:\/\/smy.fi\/metsapaivat\/metsapaivien-minimessuilla-tapaat-keihaslegendat-tero-pitkamaen-ja-antti-ruuskasen\/#breadcrumb"},"inLanguage":"fi","potentialAction":[{"@type":"ReadAction","target":["https:\/\/smy.fi\/metsapaivat\/metsapaivien-minimessuilla-tapaat-keihaslegendat-tero-pitkamaen-ja-antti-ruuskasen\/"]}]},{"@type":"ImageObject","inLanguage":"fi","@id":"https:\/\/smy.fi\/metsapaivat\/metsapaivien-minimessuilla-tapaat-keihaslegendat-tero-pitkamaen-ja-antti-ruuskasen\/#primaryimage","url":"https:\/\/smy.fi\/metsapaivat\/wp-content\/uploads\/sites\/2\/2022\/12\/PitkamakiRuuskanen-800x533-1.jpg","contentUrl":"https:\/\/smy.fi\/metsapaivat\/wp-content\/uploads\/sites\/2\/2022\/12\/PitkamakiRuuskanen-800x533-1.jpg","width":800,"height":533,"caption":"Tero Pitk\u00e4m\u00e4ki ja Antti Ruuskanen esittelev\u00e4t Mets\u00e4p\u00e4ivien minimessuilla yrityst\u00e4\u00e4n."},{"@type":"BreadcrumbList","@id":"https:\/\/smy.fi\/metsapaivat\/metsapaivien-minimessuilla-tapaat-keihaslegendat-tero-pitkamaen-ja-antti-ruuskasen\/#breadcrumb","itemListElement":[{"@type":"ListItem","position":1,"name":"Home","item":"https:\/\/smy.fi\/metsapaivat\/"},{"@type":"ListItem","position":2,"name":"Mets\u00e4p\u00e4ivien minimessuilla tapaat keih\u00e4slegendat Tero Pitk\u00e4m\u00e4en ja Antti Ruuskasen"}]},{"@type":"WebSite","@id":"https:\/\/smy.fi\/metsapaivat\/#website","url":"https:\/\/smy.fi\/metsapaivat\/","name":"Mets\u00e4p\u00e4iv\u00e4t","description":"Uusi SMY Sites -sivusto","potentialAction":[{"@type":"SearchAction","target":{"@type":"EntryPoint","urlTemplate":"https:\/\/smy.fi\/metsapaivat\/?s={search_term_string}"},"query-input":{"@type":"PropertyValueSpecification","valueRequired":true,"valueName":"search_term_string"}}],"inLanguage":"fi"},{"@type":"Person","@id":"https:\/\/smy.fi\/metsapaivat\/#\/schema\/person\/665b74057cdde002e6924a711b60399a","name":"Vilma Issakainen","url":"https:\/\/smy.fi\/metsapaivat\/author\/vilma\/"}]}},"_links":{"self":[{"href":"https:\/\/smy.fi\/metsapaivat\/wp-json\/wp\/v2\/posts\/222","targetHints":{"allow":["GET"]}}],"collection":[{"href":"https:\/\/smy.fi\/metsapaivat\/wp-json\/wp\/v2\/posts"}],"about":[{"href":"https:\/\/smy.fi\/metsapaivat\/wp-json\/wp\/v2\/types\/post"}],"author":[{"embeddable":true,"href":"https:\/\/smy.fi\/metsapaivat\/wp-json\/wp\/v2\/users\/5"}],"replies":[{"embeddable":true,"href":"https:\/\/smy.fi\/metsapaivat\/wp-json\/wp\/v2\/comments?post=222"}],"version-history":[{"count":0,"href":"https:\/\/smy.fi\/metsapaivat\/wp-json\/wp\/v2\/posts\/222\/revisions"}],"wp:featuredmedia":[{"embeddable":true,"href":"https:\/\/smy.fi\/metsapaivat\/wp-json\/wp\/v2\/media\/223"}],"wp:attachment":[{"href":"https:\/\/smy.fi\/metsapaivat\/wp-json\/wp\/v2\/media?parent=222"}],"wp:term":[{"taxonomy":"category","embeddable":true,"href":"https:\/\/smy.fi\/metsapaivat\/wp-json\/wp\/v2\/categories?post=222"},{"taxonomy":"post_tag","embeddable":true,"href":"https:\/\/smy.fi\/metsapaivat\/wp-json\/wp\/v2\/tags?post=222"}],"curies":[{"name":"wp","href":"https:\/\/api.w.org\/{rel}","templated":true}]}}