{"id":228,"date":"2022-05-30T18:13:43","date_gmt":"2022-05-30T15:13:43","guid":{"rendered":"https:\/\/smyfi.wpenginepowered.com\/metsapaivat\/?p=228"},"modified":"2022-12-19T18:16:31","modified_gmt":"2022-12-19T16:16:31","slug":"save-the-date-metsapaivat-jarjestetaan-27-28-10-2022-helsingissa","status":"publish","type":"post","link":"https:\/\/smy.fi\/metsapaivat\/save-the-date-metsapaivat-jarjestetaan-27-28-10-2022-helsingissa\/","title":{"rendered":"Save the Date! Mets\u00e4p\u00e4iv\u00e4t j\u00e4rjestet\u00e4\u00e4n 27.\u201328.10.2022 Helsingiss\u00e4"},"content":{"rendered":"\n<p class=\"is-style-lead-text\">Valtakunnalliset Mets\u00e4p\u00e4iv\u00e4t j\u00e4rjestet\u00e4\u00e4n lokakuussa 2022 tutussa paikassa, Helsingin J\u00e4tk\u00e4saaressa sijaitsevassa hotelli Clarionissa. Lipunmyynti aukeaa kes\u00e4n j\u00e4lkeen.<\/p>\n\n\n\n<p>Mets\u00e4p\u00e4ivien 2022 p\u00e4\u00e4teemana on metsien monipuolinen kest\u00e4v\u00e4 k\u00e4ytt\u00f6 mutta my\u00f6s kest\u00e4vyyden murros. Metsien kest\u00e4v\u00e4\u00e4 k\u00e4ytt\u00f6\u00e4 m\u00e4\u00e4ritell\u00e4\u00e4n sek\u00e4 kansallisesti ett\u00e4 kansainv\u00e4lisesti uudelleen. Taustalla vaikuttavat ilmastokysymykset ja monimuotoisuuden turvaaminen.<\/p>\n\n\n\n<p>Mets\u00e4p\u00e4ivill\u00e4 pohditaan, kuinka kest\u00e4vyyden murros vaikuttaa mets\u00e4alaan ja kerrotaan ja keskustellaan, millaisia ratkaisuja mets\u00e4ala voi t\u00e4ss\u00e4 murroksessa tarjota. Ent\u00e4 miten mets\u00e4ala on mukana m\u00e4\u00e4rittelem\u00e4ss\u00e4 kest\u00e4vyytt\u00e4? Avajaispuheen pit\u00e4\u00e4 Huoltovarmuuskeskuksen toimitusjohtaja&nbsp;<strong>Janne K\u00e4nk\u00e4nen<\/strong>&nbsp;huoltovarmuuden n\u00e4k\u00f6kulmasta. Teemaa jatketaan avajaisten paneelikeskustelussa, jonka juontaa uutisankkurina tunnettu&nbsp;<strong>Shahin Doagu<\/strong>.<\/p>\n\n\n\n<p>Mets\u00e4p\u00e4ivien ohjelman p\u00e4\u00e4paino on t\u00e4n\u00e4kin vuonna asiantuntijoiden puheenvuoroissa. Kolmella teemalavalla on esill\u00e4 tuorein tutkimustieto sek\u00e4 mets\u00e4osaaminen. Teemalavojen lis\u00e4ksi mukana on j\u00e4lleen vahvasti keskustelulava, joka ker\u00e4si runsaasti yleis\u00f6\u00e4 ja kiitosta lokakuun 2021 Mets\u00e4p\u00e4ivill\u00e4. Avoin, l\u00e4pin\u00e4kyv\u00e4 ja eteenp\u00e4in viev\u00e4 dialogi onkin kest\u00e4vyyden ohella toinen Mets\u00e4p\u00e4ivien 2022 teemoista.<\/p>\n\n\n\n<p>Iltap\u00e4iv\u00e4ll\u00e4 27.10. Mets\u00e4p\u00e4ivien p\u00e4\u00e4lavalle astuu tunnettu puhuja, hyvinvoinnin ja psykologian dosentti ja Aalto-yliopiston lehtori&nbsp;<strong>Frank Martela<\/strong>. Mets\u00e4p\u00e4ivill\u00e4 Martela puhuu muun muassa ty\u00f6n merkityksellisyyden yll\u00e4pit\u00e4misest\u00e4 haastavina hetkin\u00e4 ja tulevaisuudenuskon yll\u00e4pit\u00e4misest\u00e4 murrosvaiheessa.<\/p>\n\n\n\n<h2 class=\"wp-block-heading\">Minimessuilla ja iltamissa kohdataan<\/h2>\n\n\n\n<p>Verkostoitumismahdollisuuksia tarjoaa tuttuun tapaan minimessut, joilla parikymment\u00e4 yrityst\u00e4 ja organisaatiota kertoo toiminnastaan. Mukana ovat my\u00f6s tuoreet yritt\u00e4j\u00e4t, paremmin viel\u00e4 keih\u00e4ssaavutuksistaan tunnetut&nbsp;<strong>Tero Pitk\u00e4m\u00e4ki<\/strong>&nbsp;ja&nbsp;<strong>Antti Ruuskanen<\/strong>. Opiskelijoiden Urafoorumi puolestaan tuo yhteen opiskelijat ja mets\u00e4alan yritykset.<\/p>\n\n\n\n<p>Mets\u00e4p\u00e4ivien ensimm\u00e4inen p\u00e4iv\u00e4 huipentuu Mets\u00e4p\u00e4ivien odotettuihin iltamiin, joissa luvassa on kohtaamisia, iltapalaa ja tanssia \u2013 mets\u00e4alan huomionosoituksia unohtamatta.<\/p>\n\n\n\n<p>Perjantai 28.10.2022 on t\u00e4ll\u00e4 kertaa vahvasti mets\u00e4viestinn\u00e4n p\u00e4iv\u00e4. P\u00e4iv\u00e4n ohjelma koostuu erilaisista ty\u00f6pajoista sek\u00e4 sidosryhm\u00e4tilaisuuksista.<\/p>\n\n\n\n<p>Mets\u00e4p\u00e4ivien ohjelma julkistetaan t\u00e4ll\u00e4 sivustolla alkusyksyst\u00e4, jolloin aukeaa my\u00f6s lipunmyynti. Seuraa Mets\u00e4p\u00e4ivien uutisia my\u00f6s&nbsp;<a href=\"https:\/\/twitter.com\/metsapaivat\" target=\"_blank\" rel=\"noreferrer noopener\">Twitteriss\u00e4<\/a>&nbsp;ja&nbsp;<a href=\"https:\/\/www.facebook.com\/events\/470588911363351\/?active_tab=discussion\" target=\"_blank\" rel=\"noreferrer noopener\">Facebookissa<\/a>.<\/p>\n\n\n\n<p>L\u00e4mpim\u00e4sti tervetuloa 93. kerran j\u00e4rjestett\u00e4ville vuosittaisille Mets\u00e4p\u00e4iville!<\/p>\n\n\n\n<hr class=\"wp-block-separator has-alpha-channel-opacity\"\/>\n\n\n\n<p><strong>Lis\u00e4tietoa: <\/strong>Kaarina Aro, projektip\u00e4\u00e4llikk\u00f6, kaarina.aro@smy.fi, p. 050 374 5677<\/p>\n","protected":false},"excerpt":{"rendered":"<p>Valtakunnalliset Mets\u00e4p\u00e4iv\u00e4t j\u00e4rjestet\u00e4\u00e4n lokakuussa 2022 tutussa paikassa, Helsingin J\u00e4tk\u00e4saaressa sijaitsevassa hotelli Clarionissa. Lipunmyynti aukeaa kes\u00e4n j\u00e4lkeen. Mets\u00e4p\u00e4ivien 2022 p\u00e4\u00e4teemana on metsien monipuolinen kest\u00e4v\u00e4 k\u00e4ytt\u00f6 mutta my\u00f6s kest\u00e4vyyden murros. Metsien kest\u00e4v\u00e4\u00e4 k\u00e4ytt\u00f6\u00e4 m\u00e4\u00e4ritell\u00e4\u00e4n sek\u00e4 kansallisesti ett\u00e4 kansainv\u00e4lisesti uudelleen. Taustalla vaikuttavat ilmastokysymykset ja monimuotoisuuden turvaaminen. Mets\u00e4p\u00e4ivill\u00e4 pohditaan, kuinka kest\u00e4vyyden murros vaikuttaa mets\u00e4alaan ja kerrotaan ja keskustellaan, millaisia&#8230;<\/p>\n","protected":false},"author":5,"featured_media":229,"comment_status":"closed","ping_status":"closed","sticky":false,"template":"","format":"standard","meta":{"_acf_changed":false,"footnotes":""},"categories":[4],"tags":[],"class_list":["post-228","post","type-post","status-publish","format-standard","has-post-thumbnail","hentry","category-ajankohtaista"],"acf":[],"yoast_head":"<!-- This site is optimized with the Yoast SEO plugin v27.0 - https:\/\/yoast.com\/product\/yoast-seo-wordpress\/ -->\n<title>Save the Date! Mets\u00e4p\u00e4iv\u00e4t j\u00e4rjestet\u00e4\u00e4n 27.\u201328.10.2022 Helsingiss\u00e4 - Mets\u00e4p\u00e4iv\u00e4t<\/title>\n<meta name=\"robots\" content=\"index, follow, max-snippet:-1, max-image-preview:large, max-video-preview:-1\" \/>\n<link rel=\"canonical\" href=\"https:\/\/smy.fi\/metsapaivat\/save-the-date-metsapaivat-jarjestetaan-27-28-10-2022-helsingissa\/\" \/>\n<meta property=\"og:locale\" content=\"fi_FI\" \/>\n<meta property=\"og:type\" content=\"article\" \/>\n<meta property=\"og:title\" content=\"Save the Date! Mets\u00e4p\u00e4iv\u00e4t j\u00e4rjestet\u00e4\u00e4n 27.\u201328.10.2022 Helsingiss\u00e4 - Mets\u00e4p\u00e4iv\u00e4t\" \/>\n<meta property=\"og:description\" content=\"Valtakunnalliset Mets\u00e4p\u00e4iv\u00e4t j\u00e4rjestet\u00e4\u00e4n lokakuussa 2022 tutussa paikassa, Helsingin J\u00e4tk\u00e4saaressa sijaitsevassa hotelli Clarionissa. Lipunmyynti aukeaa kes\u00e4n j\u00e4lkeen. Mets\u00e4p\u00e4ivien 2022 p\u00e4\u00e4teemana on metsien monipuolinen kest\u00e4v\u00e4 k\u00e4ytt\u00f6 mutta my\u00f6s kest\u00e4vyyden murros. Metsien kest\u00e4v\u00e4\u00e4 k\u00e4ytt\u00f6\u00e4 m\u00e4\u00e4ritell\u00e4\u00e4n sek\u00e4 kansallisesti ett\u00e4 kansainv\u00e4lisesti uudelleen. Taustalla vaikuttavat ilmastokysymykset ja monimuotoisuuden turvaaminen. Mets\u00e4p\u00e4ivill\u00e4 pohditaan, kuinka kest\u00e4vyyden murros vaikuttaa mets\u00e4alaan ja kerrotaan ja keskustellaan, millaisia...\" \/>\n<meta property=\"og:url\" content=\"https:\/\/smy.fi\/metsapaivat\/save-the-date-metsapaivat-jarjestetaan-27-28-10-2022-helsingissa\/\" \/>\n<meta property=\"og:site_name\" content=\"Mets\u00e4p\u00e4iv\u00e4t\" \/>\n<meta property=\"article:published_time\" content=\"2022-05-30T15:13:43+00:00\" \/>\n<meta property=\"article:modified_time\" content=\"2022-12-19T16:16:31+00:00\" \/>\n<meta property=\"og:image\" content=\"https:\/\/smy.fi\/metsapaivat\/wp-content\/uploads\/sites\/2\/2022\/12\/clarion-hotel-helsinki-city-from-the-air-3-800x445-1.jpg\" \/>\n\t<meta property=\"og:image:width\" content=\"800\" \/>\n\t<meta property=\"og:image:height\" content=\"445\" \/>\n\t<meta property=\"og:image:type\" content=\"image\/jpeg\" \/>\n<meta name=\"author\" content=\"Vilma Issakainen\" \/>\n<meta name=\"twitter:card\" content=\"summary_large_image\" \/>\n<meta name=\"twitter:label1\" content=\"Written by\" \/>\n\t<meta name=\"twitter:data1\" content=\"Vilma Issakainen\" \/>\n\t<meta name=\"twitter:label2\" content=\"Est. reading time\" \/>\n\t<meta name=\"twitter:data2\" content=\"2 minuuttia\" \/>\n<script type=\"application\/ld+json\" class=\"yoast-schema-graph\">{\"@context\":\"https:\/\/schema.org\",\"@graph\":[{\"@type\":\"Article\",\"@id\":\"https:\/\/smy.fi\/metsapaivat\/save-the-date-metsapaivat-jarjestetaan-27-28-10-2022-helsingissa\/#article\",\"isPartOf\":{\"@id\":\"https:\/\/smy.fi\/metsapaivat\/save-the-date-metsapaivat-jarjestetaan-27-28-10-2022-helsingissa\/\"},\"author\":{\"name\":\"Vilma Issakainen\",\"@id\":\"https:\/\/smy.fi\/metsapaivat\/#\/schema\/person\/665b74057cdde002e6924a711b60399a\"},\"headline\":\"Save the Date! Mets\u00e4p\u00e4iv\u00e4t j\u00e4rjestet\u00e4\u00e4n 27.\u201328.10.2022 Helsingiss\u00e4\",\"datePublished\":\"2022-05-30T15:13:43+00:00\",\"dateModified\":\"2022-12-19T16:16:31+00:00\",\"mainEntityOfPage\":{\"@id\":\"https:\/\/smy.fi\/metsapaivat\/save-the-date-metsapaivat-jarjestetaan-27-28-10-2022-helsingissa\/\"},\"wordCount\":380,\"image\":{\"@id\":\"https:\/\/smy.fi\/metsapaivat\/save-the-date-metsapaivat-jarjestetaan-27-28-10-2022-helsingissa\/#primaryimage\"},\"thumbnailUrl\":\"https:\/\/smy.fi\/metsapaivat\/wp-content\/uploads\/sites\/2\/2022\/12\/clarion-hotel-helsinki-city-from-the-air-3-800x445-1.jpg\",\"articleSection\":[\"Ajankohtaista\"],\"inLanguage\":\"fi\"},{\"@type\":\"WebPage\",\"@id\":\"https:\/\/smy.fi\/metsapaivat\/save-the-date-metsapaivat-jarjestetaan-27-28-10-2022-helsingissa\/\",\"url\":\"https:\/\/smy.fi\/metsapaivat\/save-the-date-metsapaivat-jarjestetaan-27-28-10-2022-helsingissa\/\",\"name\":\"Save the Date! Mets\u00e4p\u00e4iv\u00e4t j\u00e4rjestet\u00e4\u00e4n 27.\u201328.10.2022 Helsingiss\u00e4 - Mets\u00e4p\u00e4iv\u00e4t\",\"isPartOf\":{\"@id\":\"https:\/\/smy.fi\/metsapaivat\/#website\"},\"primaryImageOfPage\":{\"@id\":\"https:\/\/smy.fi\/metsapaivat\/save-the-date-metsapaivat-jarjestetaan-27-28-10-2022-helsingissa\/#primaryimage\"},\"image\":{\"@id\":\"https:\/\/smy.fi\/metsapaivat\/save-the-date-metsapaivat-jarjestetaan-27-28-10-2022-helsingissa\/#primaryimage\"},\"thumbnailUrl\":\"https:\/\/smy.fi\/metsapaivat\/wp-content\/uploads\/sites\/2\/2022\/12\/clarion-hotel-helsinki-city-from-the-air-3-800x445-1.jpg\",\"datePublished\":\"2022-05-30T15:13:43+00:00\",\"dateModified\":\"2022-12-19T16:16:31+00:00\",\"author\":{\"@id\":\"https:\/\/smy.fi\/metsapaivat\/#\/schema\/person\/665b74057cdde002e6924a711b60399a\"},\"breadcrumb\":{\"@id\":\"https:\/\/smy.fi\/metsapaivat\/save-the-date-metsapaivat-jarjestetaan-27-28-10-2022-helsingissa\/#breadcrumb\"},\"inLanguage\":\"fi\",\"potentialAction\":[{\"@type\":\"ReadAction\",\"target\":[\"https:\/\/smy.fi\/metsapaivat\/save-the-date-metsapaivat-jarjestetaan-27-28-10-2022-helsingissa\/\"]}]},{\"@type\":\"ImageObject\",\"inLanguage\":\"fi\",\"@id\":\"https:\/\/smy.fi\/metsapaivat\/save-the-date-metsapaivat-jarjestetaan-27-28-10-2022-helsingissa\/#primaryimage\",\"url\":\"https:\/\/smy.fi\/metsapaivat\/wp-content\/uploads\/sites\/2\/2022\/12\/clarion-hotel-helsinki-city-from-the-air-3-800x445-1.jpg\",\"contentUrl\":\"https:\/\/smy.fi\/metsapaivat\/wp-content\/uploads\/sites\/2\/2022\/12\/clarion-hotel-helsinki-city-from-the-air-3-800x445-1.jpg\",\"width\":800,\"height\":445,\"caption\":\"Mets\u00e4p\u00e4ivien valoisa ja pidetty tapahtumapaikka Helsingin Clarionissa on tuttu edellisilt\u00e4 Mets\u00e4p\u00e4ivilt\u00e4.Mets\u00e4p\u00e4ivien valoisa ja pidetty tapahtumapaikka Helsingin Clarionissa on tuttu kahden vuoden takaa.\"},{\"@type\":\"BreadcrumbList\",\"@id\":\"https:\/\/smy.fi\/metsapaivat\/save-the-date-metsapaivat-jarjestetaan-27-28-10-2022-helsingissa\/#breadcrumb\",\"itemListElement\":[{\"@type\":\"ListItem\",\"position\":1,\"name\":\"Home\",\"item\":\"https:\/\/smy.fi\/metsapaivat\/\"},{\"@type\":\"ListItem\",\"position\":2,\"name\":\"Save the Date! Mets\u00e4p\u00e4iv\u00e4t j\u00e4rjestet\u00e4\u00e4n 27.\u201328.10.2022 Helsingiss\u00e4\"}]},{\"@type\":\"WebSite\",\"@id\":\"https:\/\/smy.fi\/metsapaivat\/#website\",\"url\":\"https:\/\/smy.fi\/metsapaivat\/\",\"name\":\"Mets\u00e4p\u00e4iv\u00e4t\",\"description\":\"Uusi SMY Sites -sivusto\",\"potentialAction\":[{\"@type\":\"SearchAction\",\"target\":{\"@type\":\"EntryPoint\",\"urlTemplate\":\"https:\/\/smy.fi\/metsapaivat\/?s={search_term_string}\"},\"query-input\":{\"@type\":\"PropertyValueSpecification\",\"valueRequired\":true,\"valueName\":\"search_term_string\"}}],\"inLanguage\":\"fi\"},{\"@type\":\"Person\",\"@id\":\"https:\/\/smy.fi\/metsapaivat\/#\/schema\/person\/665b74057cdde002e6924a711b60399a\",\"name\":\"Vilma Issakainen\",\"url\":\"https:\/\/smy.fi\/metsapaivat\/author\/vilma\/\"}]}<\/script>\n<!-- \/ Yoast SEO plugin. -->","yoast_head_json":{"title":"Save the Date! Mets\u00e4p\u00e4iv\u00e4t j\u00e4rjestet\u00e4\u00e4n 27.\u201328.10.2022 Helsingiss\u00e4 - Mets\u00e4p\u00e4iv\u00e4t","robots":{"index":"index","follow":"follow","max-snippet":"max-snippet:-1","max-image-preview":"max-image-preview:large","max-video-preview":"max-video-preview:-1"},"canonical":"https:\/\/smy.fi\/metsapaivat\/save-the-date-metsapaivat-jarjestetaan-27-28-10-2022-helsingissa\/","og_locale":"fi_FI","og_type":"article","og_title":"Save the Date! Mets\u00e4p\u00e4iv\u00e4t j\u00e4rjestet\u00e4\u00e4n 27.\u201328.10.2022 Helsingiss\u00e4 - Mets\u00e4p\u00e4iv\u00e4t","og_description":"Valtakunnalliset Mets\u00e4p\u00e4iv\u00e4t j\u00e4rjestet\u00e4\u00e4n lokakuussa 2022 tutussa paikassa, Helsingin J\u00e4tk\u00e4saaressa sijaitsevassa hotelli Clarionissa. Lipunmyynti aukeaa kes\u00e4n j\u00e4lkeen. Mets\u00e4p\u00e4ivien 2022 p\u00e4\u00e4teemana on metsien monipuolinen kest\u00e4v\u00e4 k\u00e4ytt\u00f6 mutta my\u00f6s kest\u00e4vyyden murros. Metsien kest\u00e4v\u00e4\u00e4 k\u00e4ytt\u00f6\u00e4 m\u00e4\u00e4ritell\u00e4\u00e4n sek\u00e4 kansallisesti ett\u00e4 kansainv\u00e4lisesti uudelleen. Taustalla vaikuttavat ilmastokysymykset ja monimuotoisuuden turvaaminen. Mets\u00e4p\u00e4ivill\u00e4 pohditaan, kuinka kest\u00e4vyyden murros vaikuttaa mets\u00e4alaan ja kerrotaan ja keskustellaan, millaisia...","og_url":"https:\/\/smy.fi\/metsapaivat\/save-the-date-metsapaivat-jarjestetaan-27-28-10-2022-helsingissa\/","og_site_name":"Mets\u00e4p\u00e4iv\u00e4t","article_published_time":"2022-05-30T15:13:43+00:00","article_modified_time":"2022-12-19T16:16:31+00:00","og_image":[{"width":800,"height":445,"url":"https:\/\/smy.fi\/metsapaivat\/wp-content\/uploads\/sites\/2\/2022\/12\/clarion-hotel-helsinki-city-from-the-air-3-800x445-1.jpg","type":"image\/jpeg"}],"author":"Vilma Issakainen","twitter_card":"summary_large_image","twitter_misc":{"Written by":"Vilma Issakainen","Est. reading time":"2 minuuttia"},"schema":{"@context":"https:\/\/schema.org","@graph":[{"@type":"Article","@id":"https:\/\/smy.fi\/metsapaivat\/save-the-date-metsapaivat-jarjestetaan-27-28-10-2022-helsingissa\/#article","isPartOf":{"@id":"https:\/\/smy.fi\/metsapaivat\/save-the-date-metsapaivat-jarjestetaan-27-28-10-2022-helsingissa\/"},"author":{"name":"Vilma Issakainen","@id":"https:\/\/smy.fi\/metsapaivat\/#\/schema\/person\/665b74057cdde002e6924a711b60399a"},"headline":"Save the Date! Mets\u00e4p\u00e4iv\u00e4t j\u00e4rjestet\u00e4\u00e4n 27.\u201328.10.2022 Helsingiss\u00e4","datePublished":"2022-05-30T15:13:43+00:00","dateModified":"2022-12-19T16:16:31+00:00","mainEntityOfPage":{"@id":"https:\/\/smy.fi\/metsapaivat\/save-the-date-metsapaivat-jarjestetaan-27-28-10-2022-helsingissa\/"},"wordCount":380,"image":{"@id":"https:\/\/smy.fi\/metsapaivat\/save-the-date-metsapaivat-jarjestetaan-27-28-10-2022-helsingissa\/#primaryimage"},"thumbnailUrl":"https:\/\/smy.fi\/metsapaivat\/wp-content\/uploads\/sites\/2\/2022\/12\/clarion-hotel-helsinki-city-from-the-air-3-800x445-1.jpg","articleSection":["Ajankohtaista"],"inLanguage":"fi"},{"@type":"WebPage","@id":"https:\/\/smy.fi\/metsapaivat\/save-the-date-metsapaivat-jarjestetaan-27-28-10-2022-helsingissa\/","url":"https:\/\/smy.fi\/metsapaivat\/save-the-date-metsapaivat-jarjestetaan-27-28-10-2022-helsingissa\/","name":"Save the Date! Mets\u00e4p\u00e4iv\u00e4t j\u00e4rjestet\u00e4\u00e4n 27.\u201328.10.2022 Helsingiss\u00e4 - Mets\u00e4p\u00e4iv\u00e4t","isPartOf":{"@id":"https:\/\/smy.fi\/metsapaivat\/#website"},"primaryImageOfPage":{"@id":"https:\/\/smy.fi\/metsapaivat\/save-the-date-metsapaivat-jarjestetaan-27-28-10-2022-helsingissa\/#primaryimage"},"image":{"@id":"https:\/\/smy.fi\/metsapaivat\/save-the-date-metsapaivat-jarjestetaan-27-28-10-2022-helsingissa\/#primaryimage"},"thumbnailUrl":"https:\/\/smy.fi\/metsapaivat\/wp-content\/uploads\/sites\/2\/2022\/12\/clarion-hotel-helsinki-city-from-the-air-3-800x445-1.jpg","datePublished":"2022-05-30T15:13:43+00:00","dateModified":"2022-12-19T16:16:31+00:00","author":{"@id":"https:\/\/smy.fi\/metsapaivat\/#\/schema\/person\/665b74057cdde002e6924a711b60399a"},"breadcrumb":{"@id":"https:\/\/smy.fi\/metsapaivat\/save-the-date-metsapaivat-jarjestetaan-27-28-10-2022-helsingissa\/#breadcrumb"},"inLanguage":"fi","potentialAction":[{"@type":"ReadAction","target":["https:\/\/smy.fi\/metsapaivat\/save-the-date-metsapaivat-jarjestetaan-27-28-10-2022-helsingissa\/"]}]},{"@type":"ImageObject","inLanguage":"fi","@id":"https:\/\/smy.fi\/metsapaivat\/save-the-date-metsapaivat-jarjestetaan-27-28-10-2022-helsingissa\/#primaryimage","url":"https:\/\/smy.fi\/metsapaivat\/wp-content\/uploads\/sites\/2\/2022\/12\/clarion-hotel-helsinki-city-from-the-air-3-800x445-1.jpg","contentUrl":"https:\/\/smy.fi\/metsapaivat\/wp-content\/uploads\/sites\/2\/2022\/12\/clarion-hotel-helsinki-city-from-the-air-3-800x445-1.jpg","width":800,"height":445,"caption":"Mets\u00e4p\u00e4ivien valoisa ja pidetty tapahtumapaikka Helsingin Clarionissa on tuttu edellisilt\u00e4 Mets\u00e4p\u00e4ivilt\u00e4.Mets\u00e4p\u00e4ivien valoisa ja pidetty tapahtumapaikka Helsingin Clarionissa on tuttu kahden vuoden takaa."},{"@type":"BreadcrumbList","@id":"https:\/\/smy.fi\/metsapaivat\/save-the-date-metsapaivat-jarjestetaan-27-28-10-2022-helsingissa\/#breadcrumb","itemListElement":[{"@type":"ListItem","position":1,"name":"Home","item":"https:\/\/smy.fi\/metsapaivat\/"},{"@type":"ListItem","position":2,"name":"Save the Date! Mets\u00e4p\u00e4iv\u00e4t j\u00e4rjestet\u00e4\u00e4n 27.\u201328.10.2022 Helsingiss\u00e4"}]},{"@type":"WebSite","@id":"https:\/\/smy.fi\/metsapaivat\/#website","url":"https:\/\/smy.fi\/metsapaivat\/","name":"Mets\u00e4p\u00e4iv\u00e4t","description":"Uusi SMY Sites -sivusto","potentialAction":[{"@type":"SearchAction","target":{"@type":"EntryPoint","urlTemplate":"https:\/\/smy.fi\/metsapaivat\/?s={search_term_string}"},"query-input":{"@type":"PropertyValueSpecification","valueRequired":true,"valueName":"search_term_string"}}],"inLanguage":"fi"},{"@type":"Person","@id":"https:\/\/smy.fi\/metsapaivat\/#\/schema\/person\/665b74057cdde002e6924a711b60399a","name":"Vilma Issakainen","url":"https:\/\/smy.fi\/metsapaivat\/author\/vilma\/"}]}},"_links":{"self":[{"href":"https:\/\/smy.fi\/metsapaivat\/wp-json\/wp\/v2\/posts\/228","targetHints":{"allow":["GET"]}}],"collection":[{"href":"https:\/\/smy.fi\/metsapaivat\/wp-json\/wp\/v2\/posts"}],"about":[{"href":"https:\/\/smy.fi\/metsapaivat\/wp-json\/wp\/v2\/types\/post"}],"author":[{"embeddable":true,"href":"https:\/\/smy.fi\/metsapaivat\/wp-json\/wp\/v2\/users\/5"}],"replies":[{"embeddable":true,"href":"https:\/\/smy.fi\/metsapaivat\/wp-json\/wp\/v2\/comments?post=228"}],"version-history":[{"count":0,"href":"https:\/\/smy.fi\/metsapaivat\/wp-json\/wp\/v2\/posts\/228\/revisions"}],"wp:featuredmedia":[{"embeddable":true,"href":"https:\/\/smy.fi\/metsapaivat\/wp-json\/wp\/v2\/media\/229"}],"wp:attachment":[{"href":"https:\/\/smy.fi\/metsapaivat\/wp-json\/wp\/v2\/media?parent=228"}],"wp:term":[{"taxonomy":"category","embeddable":true,"href":"https:\/\/smy.fi\/metsapaivat\/wp-json\/wp\/v2\/categories?post=228"},{"taxonomy":"post_tag","embeddable":true,"href":"https:\/\/smy.fi\/metsapaivat\/wp-json\/wp\/v2\/tags?post=228"}],"curies":[{"name":"wp","href":"https:\/\/api.w.org\/{rel}","templated":true}]}}