{"id":2826,"date":"2024-11-19T14:28:40","date_gmt":"2024-11-19T12:28:40","guid":{"rendered":"https:\/\/smyfi.wpenginepowered.com\/metsapaivat\/?p=2826"},"modified":"2024-11-19T14:28:41","modified_gmt":"2024-11-19T12:28:41","slug":"metsanomistajat-metsista-kiinnostuneet-ja-metsaala-kohtasivat-yleisopaivassa","status":"publish","type":"post","link":"https:\/\/smy.fi\/metsapaivat\/metsanomistajat-metsista-kiinnostuneet-ja-metsaala-kohtasivat-yleisopaivassa\/","title":{"rendered":"Mets\u00e4nomistajat, metsist\u00e4 kiinnostuneet ja mets\u00e4ala kohtasivat yleis\u00f6p\u00e4iv\u00e4ss\u00e4"},"content":{"rendered":"\n<p class=\"is-style-lead-text\">Mets\u00e4p\u00e4ivien yleis\u00f6p\u00e4iv\u00e4 lauantaina 26. lokakuuta 2024 toi yhteen mets\u00e4nomistajat, metsist\u00e4 kiinnostuneet ja mets\u00e4alan Clarion Hotel Helsinki Airportissa. Tapahtuma tarjosi k\u00e4vij\u00f6illeen monipuolista ohjelmaa innostaen kuulemaan puheenvuoroja ajankohtaisista teemoista sek\u00e4 tutustumaan Uusi mets\u00e4 -messujen tarjontaan.<\/p>\n\n\n\n<p>Mets\u00e4p\u00e4ivien yleis\u00f6p\u00e4iv\u00e4 tarjosi mahdollisuuden kuulla alaa puhuttavista teemoista niin paneelikeskustelussa kuin teemalavojen asiantuntijapuheenvuoroissa. Yleis\u00f6p\u00e4iv\u00e4ss\u00e4 vaihdettiin ajatuksia ja opittiin uutta sek\u00e4 tutustuttiin Uusi mets\u00e4 -messujen n\u00e4ytteilleasettajiin. <\/p>\n\n\n\n<p>K\u00e4vij\u00e4palautteen vastaajista yli 70 prosenttia omisti mets\u00e4\u00e4 ja 86 prosenttia oli kiinnostunut osallistumaan Mets\u00e4p\u00e4ivien yleis\u00f6p\u00e4iv\u00e4\u00e4n tulevinakin vuosina.<\/p>\n\n\n\n<h2 class=\"wp-block-heading\">Monipuolista ohjelmaa ja ajankohtaisia teemoja<\/h2>\n\n\n\n<p>Messuilla kiert\u00e4neist\u00e4 tapahtumavieraista moni ilahtui kattavasta tarjonnasta. Osa k\u00e4vij\u00f6ist\u00e4 toivoi, ett\u00e4 messut olisivat olleet viel\u00e4 suuremmat, osalle l\u00f6ytyi juuri sopivasti kaikkea. <\/p>\n\n\n\n<p>Erityisesti biopohjaisia innovaatioita esittelev\u00e4n Uusi puu -hankkeen n\u00e4yttely inspiroi kyselyyn vastanneita. Paljon erillisi\u00e4 mainintoja sai palautteissa my\u00f6s Tapion kirjamyyntipiste, jossa oli tarjolla viimeisi\u00e4 kappaleita erilaisista mets\u00e4aiheisista kirjoista. \u201dHyv\u00e4t messut, aikataulu ja paikkavalinta olivat onnistuneet\u201d, kehuttiin palautteessa.<\/p>\n\n\n\n<p>Lavaohjelma sai runsaasti kehuja. Erityisesti p\u00e4iv\u00e4n aloittanut suuri yhteiskunnallinen mets\u00e4keskustelu nousi esiin toistuvasti palautteissa. Monet k\u00e4vij\u00e4t totesivat keskustelun olleen todella ajankohtainen ja mielenkiintoinen ja se &#8221;olisi voinut jatkua pidemp\u00e4\u00e4nkin&#8221;. Keskustelun moni\u00e4\u00e4nisyys sai kiitosta monessa palautteessa. Osassa toivottiin kuuluviin my\u00f6s nuorten \u00e4\u00e4nt\u00e4. <\/p>\n\n\n\n<p>My\u00f6s katsojaluvut puhuvat puolestaan mets\u00e4keskustelun ajankohtaisuudesta ja kiinnostavuudesta: keskustelu striimattiin Yle Areenaan, jossa sit\u00e4 on katsottu kolmessa viikossa yli 1500 kertaa. <\/p>\n\n\n\n<p>Teemalavoilla k\u00e4sitellyt mets\u00e4tuholaisasiat ker\u00e4siv\u00e4t kuulijoiden huomion muun muassa sukupolvenvaihdoksen ja luontop\u00e4\u00e4oman kasvattamisen ohella. Er\u00e4s palautteen antaja korosti ohjelman tarjoamaa uutta tietoa: \u201dPaljon hy\u00f6dyllist\u00e4 ja ajankohtaista tietoa kaiken kaikkiaan, kiitos!\u201d<\/p>\n\n\n\n<figure class=\"wp-block-image size-large\"><img loading=\"lazy\" decoding=\"async\" width=\"1024\" height=\"683\" src=\"http:\/\/smy.fi\/metsapaivat\/wp-content\/uploads\/sites\/2\/2024\/11\/metsapaivat2024_vilma-issakainen203-1024x683.jpg\" alt=\"\" class=\"wp-image-2828\" srcset=\"https:\/\/smy.fi\/metsapaivat\/wp-content\/uploads\/sites\/2\/2024\/11\/metsapaivat2024_vilma-issakainen203-1024x683.jpg 1024w, https:\/\/smy.fi\/metsapaivat\/wp-content\/uploads\/sites\/2\/2024\/11\/metsapaivat2024_vilma-issakainen203-920x614.jpg 920w, https:\/\/smy.fi\/metsapaivat\/wp-content\/uploads\/sites\/2\/2024\/11\/metsapaivat2024_vilma-issakainen203-600x400.jpg 600w, https:\/\/smy.fi\/metsapaivat\/wp-content\/uploads\/sites\/2\/2024\/11\/metsapaivat2024_vilma-issakainen203-768x512.jpg 768w, https:\/\/smy.fi\/metsapaivat\/wp-content\/uploads\/sites\/2\/2024\/11\/metsapaivat2024_vilma-issakainen203-1536x1025.jpg 1536w, https:\/\/smy.fi\/metsapaivat\/wp-content\/uploads\/sites\/2\/2024\/11\/metsapaivat2024_vilma-issakainen203-2048x1367.jpg 2048w, https:\/\/smy.fi\/metsapaivat\/wp-content\/uploads\/sites\/2\/2024\/11\/metsapaivat2024_vilma-issakainen203-1535x1024.jpg 1535w\" sizes=\"auto, (max-width: 1024px) 100vw, 1024px\" \/><figcaption class=\"wp-element-caption\">Suuren yhteiskunnallisen mets\u00e4keskustelun aiheita kiitettiin ajankohtaisiksi ja mielenkiintoisiksi.<\/figcaption><\/figure>\n\n\n\n<h2 class=\"wp-block-heading\">Kehitysideat taskussa kohti tulevaa<\/h2>\n\n\n\n<p>Yleis\u00f6 antoi kehitysehdotuksia j\u00e4rjestelyihin, teemoihin sek\u00e4 messuihin. Ideat otetaan kaikki huomioon, kun katseet suunnataan kohti vuoden 2025 Mets\u00e4p\u00e4ivien suunnittelua. <\/p>\n\n\n\n<p>Yleis\u00f6n kootut mielipiteet kuvailivat Mets\u00e4p\u00e4ivien yleis\u00f6p\u00e4iv\u00e4\u00e4 kokonaisuudeksi, joka toi yhteen mets\u00e4n omistajia ja metsist\u00e4 kiinnostuneita. Palautteissa korostui tapahtuman merkitys paikkana, jossa osallistujat inspiroituivat innovaatioista, oppivat uutta ajankohtaista teemoista ja vaihtoivat ajatuksia kesken\u00e4\u00e4n sek\u00e4 alan asiantuntijoiden kanssa.<\/p>\n\n\n\n<p><\/p>\n","protected":false},"excerpt":{"rendered":"<p>Mets\u00e4p\u00e4ivien yleis\u00f6p\u00e4iv\u00e4 lauantaina 26. lokakuuta 2024 toi yhteen mets\u00e4nomistajat, metsist\u00e4 kiinnostuneet ja mets\u00e4alan Clarion Hotel Helsinki Airportissa. Tapahtuma tarjosi k\u00e4vij\u00f6illeen monipuolista ohjelmaa innostaen kuulemaan puheenvuoroja ajankohtaisista teemoista sek\u00e4 tutustumaan Uusi mets\u00e4 -messujen tarjontaan. Mets\u00e4p\u00e4ivien yleis\u00f6p\u00e4iv\u00e4 tarjosi mahdollisuuden kuulla alaa puhuttavista teemoista niin paneelikeskustelussa kuin teemalavojen asiantuntijapuheenvuoroissa. Yleis\u00f6p\u00e4iv\u00e4ss\u00e4 vaihdettiin ajatuksia ja opittiin uutta sek\u00e4 tutustuttiin Uusi&#8230;<\/p>\n","protected":false},"author":5,"featured_media":2750,"comment_status":"closed","ping_status":"closed","sticky":false,"template":"","format":"standard","meta":{"_acf_changed":false,"footnotes":""},"categories":[4],"tags":[],"class_list":["post-2826","post","type-post","status-publish","format-standard","has-post-thumbnail","hentry","category-ajankohtaista"],"acf":[],"yoast_head":"<!-- This site is optimized with the Yoast SEO plugin v27.0 - https:\/\/yoast.com\/product\/yoast-seo-wordpress\/ -->\n<title>Mets\u00e4nomistajat, metsist\u00e4 kiinnostuneet ja mets\u00e4ala kohtasivat yleis\u00f6p\u00e4iv\u00e4ss\u00e4 - Mets\u00e4p\u00e4iv\u00e4t<\/title>\n<meta name=\"robots\" content=\"index, follow, max-snippet:-1, max-image-preview:large, max-video-preview:-1\" \/>\n<link rel=\"canonical\" href=\"https:\/\/smy.fi\/metsapaivat\/metsanomistajat-metsista-kiinnostuneet-ja-metsaala-kohtasivat-yleisopaivassa\/\" \/>\n<meta property=\"og:locale\" content=\"fi_FI\" \/>\n<meta property=\"og:type\" content=\"article\" \/>\n<meta property=\"og:title\" content=\"Mets\u00e4nomistajat, metsist\u00e4 kiinnostuneet ja mets\u00e4ala kohtasivat yleis\u00f6p\u00e4iv\u00e4ss\u00e4 - Mets\u00e4p\u00e4iv\u00e4t\" \/>\n<meta property=\"og:description\" content=\"Mets\u00e4p\u00e4ivien yleis\u00f6p\u00e4iv\u00e4 lauantaina 26. lokakuuta 2024 toi yhteen mets\u00e4nomistajat, metsist\u00e4 kiinnostuneet ja mets\u00e4alan Clarion Hotel Helsinki Airportissa. Tapahtuma tarjosi k\u00e4vij\u00f6illeen monipuolista ohjelmaa innostaen kuulemaan puheenvuoroja ajankohtaisista teemoista sek\u00e4 tutustumaan Uusi mets\u00e4 -messujen tarjontaan. Mets\u00e4p\u00e4ivien yleis\u00f6p\u00e4iv\u00e4 tarjosi mahdollisuuden kuulla alaa puhuttavista teemoista niin paneelikeskustelussa kuin teemalavojen asiantuntijapuheenvuoroissa. Yleis\u00f6p\u00e4iv\u00e4ss\u00e4 vaihdettiin ajatuksia ja opittiin uutta sek\u00e4 tutustuttiin Uusi...\" \/>\n<meta property=\"og:url\" content=\"https:\/\/smy.fi\/metsapaivat\/metsanomistajat-metsista-kiinnostuneet-ja-metsaala-kohtasivat-yleisopaivassa\/\" \/>\n<meta property=\"og:site_name\" content=\"Mets\u00e4p\u00e4iv\u00e4t\" \/>\n<meta property=\"article:published_time\" content=\"2024-11-19T12:28:40+00:00\" \/>\n<meta property=\"article:modified_time\" content=\"2024-11-19T12:28:41+00:00\" \/>\n<meta property=\"og:image\" content=\"https:\/\/smy.fi\/metsapaivat\/wp-content\/uploads\/sites\/2\/2024\/10\/Metsapaivat2024_Vilma-Issakainen024.jpg\" \/>\n\t<meta property=\"og:image:width\" content=\"2080\" \/>\n\t<meta property=\"og:image:height\" content=\"1388\" \/>\n\t<meta property=\"og:image:type\" content=\"image\/jpeg\" \/>\n<meta name=\"author\" content=\"Vilma Issakainen\" \/>\n<meta name=\"twitter:card\" content=\"summary_large_image\" \/>\n<meta name=\"twitter:label1\" content=\"Written by\" \/>\n\t<meta name=\"twitter:data1\" content=\"Vilma Issakainen\" \/>\n\t<meta name=\"twitter:label2\" content=\"Est. reading time\" \/>\n\t<meta name=\"twitter:data2\" content=\"1 minuutti\" \/>\n<script type=\"application\/ld+json\" class=\"yoast-schema-graph\">{\"@context\":\"https:\/\/schema.org\",\"@graph\":[{\"@type\":\"Article\",\"@id\":\"https:\/\/smy.fi\/metsapaivat\/metsanomistajat-metsista-kiinnostuneet-ja-metsaala-kohtasivat-yleisopaivassa\/#article\",\"isPartOf\":{\"@id\":\"https:\/\/smy.fi\/metsapaivat\/metsanomistajat-metsista-kiinnostuneet-ja-metsaala-kohtasivat-yleisopaivassa\/\"},\"author\":{\"name\":\"Vilma Issakainen\",\"@id\":\"https:\/\/smy.fi\/metsapaivat\/#\/schema\/person\/665b74057cdde002e6924a711b60399a\"},\"headline\":\"Mets\u00e4nomistajat, metsist\u00e4 kiinnostuneet ja mets\u00e4ala kohtasivat yleis\u00f6p\u00e4iv\u00e4ss\u00e4\",\"datePublished\":\"2024-11-19T12:28:40+00:00\",\"dateModified\":\"2024-11-19T12:28:41+00:00\",\"mainEntityOfPage\":{\"@id\":\"https:\/\/smy.fi\/metsapaivat\/metsanomistajat-metsista-kiinnostuneet-ja-metsaala-kohtasivat-yleisopaivassa\/\"},\"wordCount\":361,\"image\":{\"@id\":\"https:\/\/smy.fi\/metsapaivat\/metsanomistajat-metsista-kiinnostuneet-ja-metsaala-kohtasivat-yleisopaivassa\/#primaryimage\"},\"thumbnailUrl\":\"https:\/\/smy.fi\/metsapaivat\/wp-content\/uploads\/sites\/2\/2024\/10\/Metsapaivat2024_Vilma-Issakainen024.jpg\",\"articleSection\":[\"Ajankohtaista\"],\"inLanguage\":\"fi\"},{\"@type\":\"WebPage\",\"@id\":\"https:\/\/smy.fi\/metsapaivat\/metsanomistajat-metsista-kiinnostuneet-ja-metsaala-kohtasivat-yleisopaivassa\/\",\"url\":\"https:\/\/smy.fi\/metsapaivat\/metsanomistajat-metsista-kiinnostuneet-ja-metsaala-kohtasivat-yleisopaivassa\/\",\"name\":\"Mets\u00e4nomistajat, metsist\u00e4 kiinnostuneet ja mets\u00e4ala kohtasivat yleis\u00f6p\u00e4iv\u00e4ss\u00e4 - Mets\u00e4p\u00e4iv\u00e4t\",\"isPartOf\":{\"@id\":\"https:\/\/smy.fi\/metsapaivat\/#website\"},\"primaryImageOfPage\":{\"@id\":\"https:\/\/smy.fi\/metsapaivat\/metsanomistajat-metsista-kiinnostuneet-ja-metsaala-kohtasivat-yleisopaivassa\/#primaryimage\"},\"image\":{\"@id\":\"https:\/\/smy.fi\/metsapaivat\/metsanomistajat-metsista-kiinnostuneet-ja-metsaala-kohtasivat-yleisopaivassa\/#primaryimage\"},\"thumbnailUrl\":\"https:\/\/smy.fi\/metsapaivat\/wp-content\/uploads\/sites\/2\/2024\/10\/Metsapaivat2024_Vilma-Issakainen024.jpg\",\"datePublished\":\"2024-11-19T12:28:40+00:00\",\"dateModified\":\"2024-11-19T12:28:41+00:00\",\"author\":{\"@id\":\"https:\/\/smy.fi\/metsapaivat\/#\/schema\/person\/665b74057cdde002e6924a711b60399a\"},\"breadcrumb\":{\"@id\":\"https:\/\/smy.fi\/metsapaivat\/metsanomistajat-metsista-kiinnostuneet-ja-metsaala-kohtasivat-yleisopaivassa\/#breadcrumb\"},\"inLanguage\":\"fi\",\"potentialAction\":[{\"@type\":\"ReadAction\",\"target\":[\"https:\/\/smy.fi\/metsapaivat\/metsanomistajat-metsista-kiinnostuneet-ja-metsaala-kohtasivat-yleisopaivassa\/\"]}]},{\"@type\":\"ImageObject\",\"inLanguage\":\"fi\",\"@id\":\"https:\/\/smy.fi\/metsapaivat\/metsanomistajat-metsista-kiinnostuneet-ja-metsaala-kohtasivat-yleisopaivassa\/#primaryimage\",\"url\":\"https:\/\/smy.fi\/metsapaivat\/wp-content\/uploads\/sites\/2\/2024\/10\/Metsapaivat2024_Vilma-Issakainen024.jpg\",\"contentUrl\":\"https:\/\/smy.fi\/metsapaivat\/wp-content\/uploads\/sites\/2\/2024\/10\/Metsapaivat2024_Vilma-Issakainen024.jpg\",\"width\":2080,\"height\":1388},{\"@type\":\"BreadcrumbList\",\"@id\":\"https:\/\/smy.fi\/metsapaivat\/metsanomistajat-metsista-kiinnostuneet-ja-metsaala-kohtasivat-yleisopaivassa\/#breadcrumb\",\"itemListElement\":[{\"@type\":\"ListItem\",\"position\":1,\"name\":\"Home\",\"item\":\"https:\/\/smy.fi\/metsapaivat\/\"},{\"@type\":\"ListItem\",\"position\":2,\"name\":\"Mets\u00e4nomistajat, metsist\u00e4 kiinnostuneet ja mets\u00e4ala kohtasivat yleis\u00f6p\u00e4iv\u00e4ss\u00e4\"}]},{\"@type\":\"WebSite\",\"@id\":\"https:\/\/smy.fi\/metsapaivat\/#website\",\"url\":\"https:\/\/smy.fi\/metsapaivat\/\",\"name\":\"Mets\u00e4p\u00e4iv\u00e4t\",\"description\":\"Uusi SMY Sites -sivusto\",\"potentialAction\":[{\"@type\":\"SearchAction\",\"target\":{\"@type\":\"EntryPoint\",\"urlTemplate\":\"https:\/\/smy.fi\/metsapaivat\/?s={search_term_string}\"},\"query-input\":{\"@type\":\"PropertyValueSpecification\",\"valueRequired\":true,\"valueName\":\"search_term_string\"}}],\"inLanguage\":\"fi\"},{\"@type\":\"Person\",\"@id\":\"https:\/\/smy.fi\/metsapaivat\/#\/schema\/person\/665b74057cdde002e6924a711b60399a\",\"name\":\"Vilma Issakainen\",\"url\":\"https:\/\/smy.fi\/metsapaivat\/author\/vilma\/\"}]}<\/script>\n<!-- \/ Yoast SEO plugin. -->","yoast_head_json":{"title":"Mets\u00e4nomistajat, metsist\u00e4 kiinnostuneet ja mets\u00e4ala kohtasivat yleis\u00f6p\u00e4iv\u00e4ss\u00e4 - Mets\u00e4p\u00e4iv\u00e4t","robots":{"index":"index","follow":"follow","max-snippet":"max-snippet:-1","max-image-preview":"max-image-preview:large","max-video-preview":"max-video-preview:-1"},"canonical":"https:\/\/smy.fi\/metsapaivat\/metsanomistajat-metsista-kiinnostuneet-ja-metsaala-kohtasivat-yleisopaivassa\/","og_locale":"fi_FI","og_type":"article","og_title":"Mets\u00e4nomistajat, metsist\u00e4 kiinnostuneet ja mets\u00e4ala kohtasivat yleis\u00f6p\u00e4iv\u00e4ss\u00e4 - Mets\u00e4p\u00e4iv\u00e4t","og_description":"Mets\u00e4p\u00e4ivien yleis\u00f6p\u00e4iv\u00e4 lauantaina 26. lokakuuta 2024 toi yhteen mets\u00e4nomistajat, metsist\u00e4 kiinnostuneet ja mets\u00e4alan Clarion Hotel Helsinki Airportissa. Tapahtuma tarjosi k\u00e4vij\u00f6illeen monipuolista ohjelmaa innostaen kuulemaan puheenvuoroja ajankohtaisista teemoista sek\u00e4 tutustumaan Uusi mets\u00e4 -messujen tarjontaan. Mets\u00e4p\u00e4ivien yleis\u00f6p\u00e4iv\u00e4 tarjosi mahdollisuuden kuulla alaa puhuttavista teemoista niin paneelikeskustelussa kuin teemalavojen asiantuntijapuheenvuoroissa. Yleis\u00f6p\u00e4iv\u00e4ss\u00e4 vaihdettiin ajatuksia ja opittiin uutta sek\u00e4 tutustuttiin Uusi...","og_url":"https:\/\/smy.fi\/metsapaivat\/metsanomistajat-metsista-kiinnostuneet-ja-metsaala-kohtasivat-yleisopaivassa\/","og_site_name":"Mets\u00e4p\u00e4iv\u00e4t","article_published_time":"2024-11-19T12:28:40+00:00","article_modified_time":"2024-11-19T12:28:41+00:00","og_image":[{"width":2080,"height":1388,"url":"https:\/\/smy.fi\/metsapaivat\/wp-content\/uploads\/sites\/2\/2024\/10\/Metsapaivat2024_Vilma-Issakainen024.jpg","type":"image\/jpeg"}],"author":"Vilma Issakainen","twitter_card":"summary_large_image","twitter_misc":{"Written by":"Vilma Issakainen","Est. reading time":"1 minuutti"},"schema":{"@context":"https:\/\/schema.org","@graph":[{"@type":"Article","@id":"https:\/\/smy.fi\/metsapaivat\/metsanomistajat-metsista-kiinnostuneet-ja-metsaala-kohtasivat-yleisopaivassa\/#article","isPartOf":{"@id":"https:\/\/smy.fi\/metsapaivat\/metsanomistajat-metsista-kiinnostuneet-ja-metsaala-kohtasivat-yleisopaivassa\/"},"author":{"name":"Vilma Issakainen","@id":"https:\/\/smy.fi\/metsapaivat\/#\/schema\/person\/665b74057cdde002e6924a711b60399a"},"headline":"Mets\u00e4nomistajat, metsist\u00e4 kiinnostuneet ja mets\u00e4ala kohtasivat yleis\u00f6p\u00e4iv\u00e4ss\u00e4","datePublished":"2024-11-19T12:28:40+00:00","dateModified":"2024-11-19T12:28:41+00:00","mainEntityOfPage":{"@id":"https:\/\/smy.fi\/metsapaivat\/metsanomistajat-metsista-kiinnostuneet-ja-metsaala-kohtasivat-yleisopaivassa\/"},"wordCount":361,"image":{"@id":"https:\/\/smy.fi\/metsapaivat\/metsanomistajat-metsista-kiinnostuneet-ja-metsaala-kohtasivat-yleisopaivassa\/#primaryimage"},"thumbnailUrl":"https:\/\/smy.fi\/metsapaivat\/wp-content\/uploads\/sites\/2\/2024\/10\/Metsapaivat2024_Vilma-Issakainen024.jpg","articleSection":["Ajankohtaista"],"inLanguage":"fi"},{"@type":"WebPage","@id":"https:\/\/smy.fi\/metsapaivat\/metsanomistajat-metsista-kiinnostuneet-ja-metsaala-kohtasivat-yleisopaivassa\/","url":"https:\/\/smy.fi\/metsapaivat\/metsanomistajat-metsista-kiinnostuneet-ja-metsaala-kohtasivat-yleisopaivassa\/","name":"Mets\u00e4nomistajat, metsist\u00e4 kiinnostuneet ja mets\u00e4ala kohtasivat yleis\u00f6p\u00e4iv\u00e4ss\u00e4 - Mets\u00e4p\u00e4iv\u00e4t","isPartOf":{"@id":"https:\/\/smy.fi\/metsapaivat\/#website"},"primaryImageOfPage":{"@id":"https:\/\/smy.fi\/metsapaivat\/metsanomistajat-metsista-kiinnostuneet-ja-metsaala-kohtasivat-yleisopaivassa\/#primaryimage"},"image":{"@id":"https:\/\/smy.fi\/metsapaivat\/metsanomistajat-metsista-kiinnostuneet-ja-metsaala-kohtasivat-yleisopaivassa\/#primaryimage"},"thumbnailUrl":"https:\/\/smy.fi\/metsapaivat\/wp-content\/uploads\/sites\/2\/2024\/10\/Metsapaivat2024_Vilma-Issakainen024.jpg","datePublished":"2024-11-19T12:28:40+00:00","dateModified":"2024-11-19T12:28:41+00:00","author":{"@id":"https:\/\/smy.fi\/metsapaivat\/#\/schema\/person\/665b74057cdde002e6924a711b60399a"},"breadcrumb":{"@id":"https:\/\/smy.fi\/metsapaivat\/metsanomistajat-metsista-kiinnostuneet-ja-metsaala-kohtasivat-yleisopaivassa\/#breadcrumb"},"inLanguage":"fi","potentialAction":[{"@type":"ReadAction","target":["https:\/\/smy.fi\/metsapaivat\/metsanomistajat-metsista-kiinnostuneet-ja-metsaala-kohtasivat-yleisopaivassa\/"]}]},{"@type":"ImageObject","inLanguage":"fi","@id":"https:\/\/smy.fi\/metsapaivat\/metsanomistajat-metsista-kiinnostuneet-ja-metsaala-kohtasivat-yleisopaivassa\/#primaryimage","url":"https:\/\/smy.fi\/metsapaivat\/wp-content\/uploads\/sites\/2\/2024\/10\/Metsapaivat2024_Vilma-Issakainen024.jpg","contentUrl":"https:\/\/smy.fi\/metsapaivat\/wp-content\/uploads\/sites\/2\/2024\/10\/Metsapaivat2024_Vilma-Issakainen024.jpg","width":2080,"height":1388},{"@type":"BreadcrumbList","@id":"https:\/\/smy.fi\/metsapaivat\/metsanomistajat-metsista-kiinnostuneet-ja-metsaala-kohtasivat-yleisopaivassa\/#breadcrumb","itemListElement":[{"@type":"ListItem","position":1,"name":"Home","item":"https:\/\/smy.fi\/metsapaivat\/"},{"@type":"ListItem","position":2,"name":"Mets\u00e4nomistajat, metsist\u00e4 kiinnostuneet ja mets\u00e4ala kohtasivat yleis\u00f6p\u00e4iv\u00e4ss\u00e4"}]},{"@type":"WebSite","@id":"https:\/\/smy.fi\/metsapaivat\/#website","url":"https:\/\/smy.fi\/metsapaivat\/","name":"Mets\u00e4p\u00e4iv\u00e4t","description":"Uusi SMY Sites -sivusto","potentialAction":[{"@type":"SearchAction","target":{"@type":"EntryPoint","urlTemplate":"https:\/\/smy.fi\/metsapaivat\/?s={search_term_string}"},"query-input":{"@type":"PropertyValueSpecification","valueRequired":true,"valueName":"search_term_string"}}],"inLanguage":"fi"},{"@type":"Person","@id":"https:\/\/smy.fi\/metsapaivat\/#\/schema\/person\/665b74057cdde002e6924a711b60399a","name":"Vilma Issakainen","url":"https:\/\/smy.fi\/metsapaivat\/author\/vilma\/"}]}},"_links":{"self":[{"href":"https:\/\/smy.fi\/metsapaivat\/wp-json\/wp\/v2\/posts\/2826","targetHints":{"allow":["GET"]}}],"collection":[{"href":"https:\/\/smy.fi\/metsapaivat\/wp-json\/wp\/v2\/posts"}],"about":[{"href":"https:\/\/smy.fi\/metsapaivat\/wp-json\/wp\/v2\/types\/post"}],"author":[{"embeddable":true,"href":"https:\/\/smy.fi\/metsapaivat\/wp-json\/wp\/v2\/users\/5"}],"replies":[{"embeddable":true,"href":"https:\/\/smy.fi\/metsapaivat\/wp-json\/wp\/v2\/comments?post=2826"}],"version-history":[{"count":0,"href":"https:\/\/smy.fi\/metsapaivat\/wp-json\/wp\/v2\/posts\/2826\/revisions"}],"wp:featuredmedia":[{"embeddable":true,"href":"https:\/\/smy.fi\/metsapaivat\/wp-json\/wp\/v2\/media\/2750"}],"wp:attachment":[{"href":"https:\/\/smy.fi\/metsapaivat\/wp-json\/wp\/v2\/media?parent=2826"}],"wp:term":[{"taxonomy":"category","embeddable":true,"href":"https:\/\/smy.fi\/metsapaivat\/wp-json\/wp\/v2\/categories?post=2826"},{"taxonomy":"post_tag","embeddable":true,"href":"https:\/\/smy.fi\/metsapaivat\/wp-json\/wp\/v2\/tags?post=2826"}],"curies":[{"name":"wp","href":"https:\/\/api.w.org\/{rel}","templated":true}]}}