{"id":3037,"date":"2025-10-22T06:05:00","date_gmt":"2025-10-22T03:05:00","guid":{"rendered":"https:\/\/smyfi.wpenginepowered.com\/metsapaivat\/?p=3037"},"modified":"2025-10-22T17:14:38","modified_gmt":"2025-10-22T14:14:38","slug":"metsapaivilla-paaset-opastetulle-kierrokselle-finlandia-talon-uuteen-elamykselliseen-nayttelyyn","status":"publish","type":"post","link":"https:\/\/smy.fi\/metsapaivat\/metsapaivilla-paaset-opastetulle-kierrokselle-finlandia-talon-uuteen-elamykselliseen-nayttelyyn\/","title":{"rendered":"Mets\u00e4p\u00e4ivill\u00e4 p\u00e4\u00e4set kierrokselle Finlandia-talon uuteen el\u00e4mykselliseen n\u00e4yttelyyn"},"content":{"rendered":"\n<p class=\"is-style-lead-text\">Finlandia-talossa avautui kes\u00e4kuun alussa pysyv\u00e4 n\u00e4yttely, joka kuljettaa n\u00e4yttelyvieraan el\u00e4mysmatkalle Alvar, Aino ja Elissa Aallon arkkitehtuuriin ja luovuuteen.<\/p>\n\n\n\n<p>Aaltojen tarinat ja kohtaamiset rakentavat monimuotoista kuvaa suomalaisuudesta ja Suomesta. Mets\u00e4yhdistyksen Uusi puu -hanke nostaa n\u00e4yttelyss\u00e4 esiin suomalaisen mets\u00e4biotalouden innovaatiot. Uusi puun osuus havainnollistaa puun k\u00e4ytt\u00f6\u00e4 sek\u00e4 arkisissa ett\u00e4 tulevaisuuden tuotteissa.<\/p>\n\n\n\n<p>Tavoitteena on lis\u00e4t\u00e4 ymm\u00e4rryst\u00e4 siit\u00e4, mihin kaikkeen puu pystyy. Moni n\u00e4yttelyn puupohjaisista ratkaisuista on jo markkinoilla.<\/p>\n\n\n\n<p>Ensimm\u00e4ist\u00e4 kertaa Uusi puu p\u00e4\u00e4see esittelem\u00e4\u00e4n kest\u00e4v\u00e4n kehityksen ratkaisuja suurelle yleis\u00f6lle. Yhteiskunnallisille vaikuttajille ja p\u00e4\u00e4t\u00f6ksentekij\u00f6ille hanke on vienyt viesti\u00e4 puupohjaisesta biotaloudesta jo kymmenen vuoden ajan erilaisissa tapahtumissa.<\/p>\n\n\n\n<p>Finlandia-talo avattiin tammikuussa uudistettuna ja toivottaen tervetulleeksi kokous- ja konserttivieraiden lis\u00e4ksi kaupunkilaiset ja matkailijat. Kes\u00e4kuussa avautuva n\u00e4yttely on osa Finlandia Experience -kokonaisuutta, johon kuuluu muun muassa my\u00f6s viinikahvila, designkauppa ja bistro.<\/p>\n\n\n\n<p>Finlandia-talon pysyv\u00e4n n\u00e4yttelyn suunnittelusta ja n\u00e4yttelyarkkitehtuurista vastaa ansioitunut n\u00e4yttelysuunnittelija ja arkkitehti&nbsp;<strong>Taina V\u00e4is\u00e4nen&nbsp;<\/strong>ty\u00f6ryhm\u00e4ns\u00e4 kanssa. H\u00e4nen k\u00e4denj\u00e4lkens\u00e4 n\u00e4kyy Suomen suurimmissa museoissa ja kansainv\u00e4lisiss\u00e4 n\u00e4yttelyiss\u00e4.<\/p>\n\n\n\n<p>N\u00e4yttelyn k\u00e4sikirjoittaja on filosofian tohtori, kirjailija ja tutkija&nbsp;<strong>Kirsti Manninen<\/strong>, joka tunnetaan lukuisista romaaneista, lastenkirjoista, tietokirjoista ja TV-k\u00e4sikirjoituksista.<\/p>\n\n\n\n<p><a href=\"https:\/\/www.uusipuu.fi\/\"><strong>Uusi puu -hanke<\/strong><\/a><\/p>\n\n\n\n<p><a href=\"https:\/\/www.finlandiatalo.fi\/finlandia-experience\/\"><strong>Finlandia Experience<\/strong><\/a><\/p>\n","protected":false},"excerpt":{"rendered":"<p>Finlandia-talossa avautui kes\u00e4kuun alussa pysyv\u00e4 n\u00e4yttely, joka kuljettaa n\u00e4yttelyvieraan el\u00e4mysmatkalle Alvar, Aino ja Elissa Aallon arkkitehtuuriin ja luovuuteen. Aaltojen tarinat ja kohtaamiset rakentavat monimuotoista kuvaa suomalaisuudesta ja Suomesta. Mets\u00e4yhdistyksen Uusi puu -hanke nostaa n\u00e4yttelyss\u00e4 esiin suomalaisen mets\u00e4biotalouden innovaatiot. Uusi puun osuus havainnollistaa puun k\u00e4ytt\u00f6\u00e4 sek\u00e4 arkisissa ett\u00e4 tulevaisuuden tuotteissa. Tavoitteena on lis\u00e4t\u00e4 ymm\u00e4rryst\u00e4 siit\u00e4, mihin&#8230;<\/p>\n","protected":false},"author":5,"featured_media":3038,"comment_status":"closed","ping_status":"closed","sticky":false,"template":"","format":"standard","meta":{"_acf_changed":false,"footnotes":""},"categories":[4],"tags":[],"class_list":["post-3037","post","type-post","status-publish","format-standard","has-post-thumbnail","hentry","category-ajankohtaista"],"acf":[],"yoast_head":"<!-- This site is optimized with the Yoast SEO plugin v27.0 - https:\/\/yoast.com\/product\/yoast-seo-wordpress\/ -->\n<title>Mets\u00e4p\u00e4ivill\u00e4 p\u00e4\u00e4set kierrokselle Finlandia-talon uuteen el\u00e4mykselliseen n\u00e4yttelyyn - Mets\u00e4p\u00e4iv\u00e4t<\/title>\n<meta name=\"robots\" content=\"index, follow, max-snippet:-1, max-image-preview:large, max-video-preview:-1\" \/>\n<link rel=\"canonical\" href=\"https:\/\/smy.fi\/metsapaivat\/metsapaivilla-paaset-opastetulle-kierrokselle-finlandia-talon-uuteen-elamykselliseen-nayttelyyn\/\" \/>\n<meta property=\"og:locale\" content=\"fi_FI\" \/>\n<meta property=\"og:type\" content=\"article\" \/>\n<meta property=\"og:title\" content=\"Mets\u00e4p\u00e4ivill\u00e4 p\u00e4\u00e4set kierrokselle Finlandia-talon uuteen el\u00e4mykselliseen n\u00e4yttelyyn - Mets\u00e4p\u00e4iv\u00e4t\" \/>\n<meta property=\"og:description\" content=\"Finlandia-talossa avautui kes\u00e4kuun alussa pysyv\u00e4 n\u00e4yttely, joka kuljettaa n\u00e4yttelyvieraan el\u00e4mysmatkalle Alvar, Aino ja Elissa Aallon arkkitehtuuriin ja luovuuteen. Aaltojen tarinat ja kohtaamiset rakentavat monimuotoista kuvaa suomalaisuudesta ja Suomesta. Mets\u00e4yhdistyksen Uusi puu -hanke nostaa n\u00e4yttelyss\u00e4 esiin suomalaisen mets\u00e4biotalouden innovaatiot. Uusi puun osuus havainnollistaa puun k\u00e4ytt\u00f6\u00e4 sek\u00e4 arkisissa ett\u00e4 tulevaisuuden tuotteissa. Tavoitteena on lis\u00e4t\u00e4 ymm\u00e4rryst\u00e4 siit\u00e4, mihin...\" \/>\n<meta property=\"og:url\" content=\"https:\/\/smy.fi\/metsapaivat\/metsapaivilla-paaset-opastetulle-kierrokselle-finlandia-talon-uuteen-elamykselliseen-nayttelyyn\/\" \/>\n<meta property=\"og:site_name\" content=\"Mets\u00e4p\u00e4iv\u00e4t\" \/>\n<meta property=\"article:published_time\" content=\"2025-10-22T03:05:00+00:00\" \/>\n<meta property=\"article:modified_time\" content=\"2025-10-22T14:14:38+00:00\" \/>\n<meta property=\"og:image\" content=\"https:\/\/smy.fi\/metsapaivat\/wp-content\/uploads\/sites\/2\/2025\/06\/Uusipuu_finlandia.jpg\" \/>\n\t<meta property=\"og:image:width\" content=\"960\" \/>\n\t<meta property=\"og:image:height\" content=\"640\" \/>\n\t<meta property=\"og:image:type\" content=\"image\/jpeg\" \/>\n<meta name=\"author\" content=\"Vilma Issakainen\" \/>\n<meta name=\"twitter:card\" content=\"summary_large_image\" \/>\n<meta name=\"twitter:label1\" content=\"Written by\" \/>\n\t<meta name=\"twitter:data1\" content=\"Vilma Issakainen\" \/>\n\t<meta name=\"twitter:label2\" content=\"Est. reading time\" \/>\n\t<meta name=\"twitter:data2\" content=\"2 minuuttia\" \/>\n<script type=\"application\/ld+json\" class=\"yoast-schema-graph\">{\"@context\":\"https:\/\/schema.org\",\"@graph\":[{\"@type\":\"Article\",\"@id\":\"https:\/\/smy.fi\/metsapaivat\/metsapaivilla-paaset-opastetulle-kierrokselle-finlandia-talon-uuteen-elamykselliseen-nayttelyyn\/#article\",\"isPartOf\":{\"@id\":\"https:\/\/smy.fi\/metsapaivat\/metsapaivilla-paaset-opastetulle-kierrokselle-finlandia-talon-uuteen-elamykselliseen-nayttelyyn\/\"},\"author\":{\"name\":\"Vilma Issakainen\",\"@id\":\"https:\/\/smy.fi\/metsapaivat\/#\/schema\/person\/665b74057cdde002e6924a711b60399a\"},\"headline\":\"Mets\u00e4p\u00e4ivill\u00e4 p\u00e4\u00e4set kierrokselle Finlandia-talon uuteen el\u00e4mykselliseen n\u00e4yttelyyn\",\"datePublished\":\"2025-10-22T03:05:00+00:00\",\"dateModified\":\"2025-10-22T14:14:38+00:00\",\"mainEntityOfPage\":{\"@id\":\"https:\/\/smy.fi\/metsapaivat\/metsapaivilla-paaset-opastetulle-kierrokselle-finlandia-talon-uuteen-elamykselliseen-nayttelyyn\/\"},\"wordCount\":226,\"image\":{\"@id\":\"https:\/\/smy.fi\/metsapaivat\/metsapaivilla-paaset-opastetulle-kierrokselle-finlandia-talon-uuteen-elamykselliseen-nayttelyyn\/#primaryimage\"},\"thumbnailUrl\":\"https:\/\/smy.fi\/metsapaivat\/wp-content\/uploads\/sites\/2\/2025\/06\/Uusipuu_finlandia.jpg\",\"articleSection\":[\"Ajankohtaista\"],\"inLanguage\":\"fi\"},{\"@type\":\"WebPage\",\"@id\":\"https:\/\/smy.fi\/metsapaivat\/metsapaivilla-paaset-opastetulle-kierrokselle-finlandia-talon-uuteen-elamykselliseen-nayttelyyn\/\",\"url\":\"https:\/\/smy.fi\/metsapaivat\/metsapaivilla-paaset-opastetulle-kierrokselle-finlandia-talon-uuteen-elamykselliseen-nayttelyyn\/\",\"name\":\"Mets\u00e4p\u00e4ivill\u00e4 p\u00e4\u00e4set kierrokselle Finlandia-talon uuteen el\u00e4mykselliseen n\u00e4yttelyyn - Mets\u00e4p\u00e4iv\u00e4t\",\"isPartOf\":{\"@id\":\"https:\/\/smy.fi\/metsapaivat\/#website\"},\"primaryImageOfPage\":{\"@id\":\"https:\/\/smy.fi\/metsapaivat\/metsapaivilla-paaset-opastetulle-kierrokselle-finlandia-talon-uuteen-elamykselliseen-nayttelyyn\/#primaryimage\"},\"image\":{\"@id\":\"https:\/\/smy.fi\/metsapaivat\/metsapaivilla-paaset-opastetulle-kierrokselle-finlandia-talon-uuteen-elamykselliseen-nayttelyyn\/#primaryimage\"},\"thumbnailUrl\":\"https:\/\/smy.fi\/metsapaivat\/wp-content\/uploads\/sites\/2\/2025\/06\/Uusipuu_finlandia.jpg\",\"datePublished\":\"2025-10-22T03:05:00+00:00\",\"dateModified\":\"2025-10-22T14:14:38+00:00\",\"author\":{\"@id\":\"https:\/\/smy.fi\/metsapaivat\/#\/schema\/person\/665b74057cdde002e6924a711b60399a\"},\"breadcrumb\":{\"@id\":\"https:\/\/smy.fi\/metsapaivat\/metsapaivilla-paaset-opastetulle-kierrokselle-finlandia-talon-uuteen-elamykselliseen-nayttelyyn\/#breadcrumb\"},\"inLanguage\":\"fi\",\"potentialAction\":[{\"@type\":\"ReadAction\",\"target\":[\"https:\/\/smy.fi\/metsapaivat\/metsapaivilla-paaset-opastetulle-kierrokselle-finlandia-talon-uuteen-elamykselliseen-nayttelyyn\/\"]}]},{\"@type\":\"ImageObject\",\"inLanguage\":\"fi\",\"@id\":\"https:\/\/smy.fi\/metsapaivat\/metsapaivilla-paaset-opastetulle-kierrokselle-finlandia-talon-uuteen-elamykselliseen-nayttelyyn\/#primaryimage\",\"url\":\"https:\/\/smy.fi\/metsapaivat\/wp-content\/uploads\/sites\/2\/2025\/06\/Uusipuu_finlandia.jpg\",\"contentUrl\":\"https:\/\/smy.fi\/metsapaivat\/wp-content\/uploads\/sites\/2\/2025\/06\/Uusipuu_finlandia.jpg\",\"width\":960,\"height\":640},{\"@type\":\"BreadcrumbList\",\"@id\":\"https:\/\/smy.fi\/metsapaivat\/metsapaivilla-paaset-opastetulle-kierrokselle-finlandia-talon-uuteen-elamykselliseen-nayttelyyn\/#breadcrumb\",\"itemListElement\":[{\"@type\":\"ListItem\",\"position\":1,\"name\":\"Home\",\"item\":\"https:\/\/smy.fi\/metsapaivat\/\"},{\"@type\":\"ListItem\",\"position\":2,\"name\":\"Mets\u00e4p\u00e4ivill\u00e4 p\u00e4\u00e4set kierrokselle Finlandia-talon uuteen el\u00e4mykselliseen n\u00e4yttelyyn\"}]},{\"@type\":\"WebSite\",\"@id\":\"https:\/\/smy.fi\/metsapaivat\/#website\",\"url\":\"https:\/\/smy.fi\/metsapaivat\/\",\"name\":\"Mets\u00e4p\u00e4iv\u00e4t\",\"description\":\"Uusi SMY Sites -sivusto\",\"potentialAction\":[{\"@type\":\"SearchAction\",\"target\":{\"@type\":\"EntryPoint\",\"urlTemplate\":\"https:\/\/smy.fi\/metsapaivat\/?s={search_term_string}\"},\"query-input\":{\"@type\":\"PropertyValueSpecification\",\"valueRequired\":true,\"valueName\":\"search_term_string\"}}],\"inLanguage\":\"fi\"},{\"@type\":\"Person\",\"@id\":\"https:\/\/smy.fi\/metsapaivat\/#\/schema\/person\/665b74057cdde002e6924a711b60399a\",\"name\":\"Vilma Issakainen\",\"url\":\"https:\/\/smy.fi\/metsapaivat\/author\/vilma\/\"}]}<\/script>\n<!-- \/ Yoast SEO plugin. -->","yoast_head_json":{"title":"Mets\u00e4p\u00e4ivill\u00e4 p\u00e4\u00e4set kierrokselle Finlandia-talon uuteen el\u00e4mykselliseen n\u00e4yttelyyn - Mets\u00e4p\u00e4iv\u00e4t","robots":{"index":"index","follow":"follow","max-snippet":"max-snippet:-1","max-image-preview":"max-image-preview:large","max-video-preview":"max-video-preview:-1"},"canonical":"https:\/\/smy.fi\/metsapaivat\/metsapaivilla-paaset-opastetulle-kierrokselle-finlandia-talon-uuteen-elamykselliseen-nayttelyyn\/","og_locale":"fi_FI","og_type":"article","og_title":"Mets\u00e4p\u00e4ivill\u00e4 p\u00e4\u00e4set kierrokselle Finlandia-talon uuteen el\u00e4mykselliseen n\u00e4yttelyyn - Mets\u00e4p\u00e4iv\u00e4t","og_description":"Finlandia-talossa avautui kes\u00e4kuun alussa pysyv\u00e4 n\u00e4yttely, joka kuljettaa n\u00e4yttelyvieraan el\u00e4mysmatkalle Alvar, Aino ja Elissa Aallon arkkitehtuuriin ja luovuuteen. Aaltojen tarinat ja kohtaamiset rakentavat monimuotoista kuvaa suomalaisuudesta ja Suomesta. Mets\u00e4yhdistyksen Uusi puu -hanke nostaa n\u00e4yttelyss\u00e4 esiin suomalaisen mets\u00e4biotalouden innovaatiot. Uusi puun osuus havainnollistaa puun k\u00e4ytt\u00f6\u00e4 sek\u00e4 arkisissa ett\u00e4 tulevaisuuden tuotteissa. Tavoitteena on lis\u00e4t\u00e4 ymm\u00e4rryst\u00e4 siit\u00e4, mihin...","og_url":"https:\/\/smy.fi\/metsapaivat\/metsapaivilla-paaset-opastetulle-kierrokselle-finlandia-talon-uuteen-elamykselliseen-nayttelyyn\/","og_site_name":"Mets\u00e4p\u00e4iv\u00e4t","article_published_time":"2025-10-22T03:05:00+00:00","article_modified_time":"2025-10-22T14:14:38+00:00","og_image":[{"width":960,"height":640,"url":"https:\/\/smy.fi\/metsapaivat\/wp-content\/uploads\/sites\/2\/2025\/06\/Uusipuu_finlandia.jpg","type":"image\/jpeg"}],"author":"Vilma Issakainen","twitter_card":"summary_large_image","twitter_misc":{"Written by":"Vilma Issakainen","Est. reading time":"2 minuuttia"},"schema":{"@context":"https:\/\/schema.org","@graph":[{"@type":"Article","@id":"https:\/\/smy.fi\/metsapaivat\/metsapaivilla-paaset-opastetulle-kierrokselle-finlandia-talon-uuteen-elamykselliseen-nayttelyyn\/#article","isPartOf":{"@id":"https:\/\/smy.fi\/metsapaivat\/metsapaivilla-paaset-opastetulle-kierrokselle-finlandia-talon-uuteen-elamykselliseen-nayttelyyn\/"},"author":{"name":"Vilma Issakainen","@id":"https:\/\/smy.fi\/metsapaivat\/#\/schema\/person\/665b74057cdde002e6924a711b60399a"},"headline":"Mets\u00e4p\u00e4ivill\u00e4 p\u00e4\u00e4set kierrokselle Finlandia-talon uuteen el\u00e4mykselliseen n\u00e4yttelyyn","datePublished":"2025-10-22T03:05:00+00:00","dateModified":"2025-10-22T14:14:38+00:00","mainEntityOfPage":{"@id":"https:\/\/smy.fi\/metsapaivat\/metsapaivilla-paaset-opastetulle-kierrokselle-finlandia-talon-uuteen-elamykselliseen-nayttelyyn\/"},"wordCount":226,"image":{"@id":"https:\/\/smy.fi\/metsapaivat\/metsapaivilla-paaset-opastetulle-kierrokselle-finlandia-talon-uuteen-elamykselliseen-nayttelyyn\/#primaryimage"},"thumbnailUrl":"https:\/\/smy.fi\/metsapaivat\/wp-content\/uploads\/sites\/2\/2025\/06\/Uusipuu_finlandia.jpg","articleSection":["Ajankohtaista"],"inLanguage":"fi"},{"@type":"WebPage","@id":"https:\/\/smy.fi\/metsapaivat\/metsapaivilla-paaset-opastetulle-kierrokselle-finlandia-talon-uuteen-elamykselliseen-nayttelyyn\/","url":"https:\/\/smy.fi\/metsapaivat\/metsapaivilla-paaset-opastetulle-kierrokselle-finlandia-talon-uuteen-elamykselliseen-nayttelyyn\/","name":"Mets\u00e4p\u00e4ivill\u00e4 p\u00e4\u00e4set kierrokselle Finlandia-talon uuteen el\u00e4mykselliseen n\u00e4yttelyyn - Mets\u00e4p\u00e4iv\u00e4t","isPartOf":{"@id":"https:\/\/smy.fi\/metsapaivat\/#website"},"primaryImageOfPage":{"@id":"https:\/\/smy.fi\/metsapaivat\/metsapaivilla-paaset-opastetulle-kierrokselle-finlandia-talon-uuteen-elamykselliseen-nayttelyyn\/#primaryimage"},"image":{"@id":"https:\/\/smy.fi\/metsapaivat\/metsapaivilla-paaset-opastetulle-kierrokselle-finlandia-talon-uuteen-elamykselliseen-nayttelyyn\/#primaryimage"},"thumbnailUrl":"https:\/\/smy.fi\/metsapaivat\/wp-content\/uploads\/sites\/2\/2025\/06\/Uusipuu_finlandia.jpg","datePublished":"2025-10-22T03:05:00+00:00","dateModified":"2025-10-22T14:14:38+00:00","author":{"@id":"https:\/\/smy.fi\/metsapaivat\/#\/schema\/person\/665b74057cdde002e6924a711b60399a"},"breadcrumb":{"@id":"https:\/\/smy.fi\/metsapaivat\/metsapaivilla-paaset-opastetulle-kierrokselle-finlandia-talon-uuteen-elamykselliseen-nayttelyyn\/#breadcrumb"},"inLanguage":"fi","potentialAction":[{"@type":"ReadAction","target":["https:\/\/smy.fi\/metsapaivat\/metsapaivilla-paaset-opastetulle-kierrokselle-finlandia-talon-uuteen-elamykselliseen-nayttelyyn\/"]}]},{"@type":"ImageObject","inLanguage":"fi","@id":"https:\/\/smy.fi\/metsapaivat\/metsapaivilla-paaset-opastetulle-kierrokselle-finlandia-talon-uuteen-elamykselliseen-nayttelyyn\/#primaryimage","url":"https:\/\/smy.fi\/metsapaivat\/wp-content\/uploads\/sites\/2\/2025\/06\/Uusipuu_finlandia.jpg","contentUrl":"https:\/\/smy.fi\/metsapaivat\/wp-content\/uploads\/sites\/2\/2025\/06\/Uusipuu_finlandia.jpg","width":960,"height":640},{"@type":"BreadcrumbList","@id":"https:\/\/smy.fi\/metsapaivat\/metsapaivilla-paaset-opastetulle-kierrokselle-finlandia-talon-uuteen-elamykselliseen-nayttelyyn\/#breadcrumb","itemListElement":[{"@type":"ListItem","position":1,"name":"Home","item":"https:\/\/smy.fi\/metsapaivat\/"},{"@type":"ListItem","position":2,"name":"Mets\u00e4p\u00e4ivill\u00e4 p\u00e4\u00e4set kierrokselle Finlandia-talon uuteen el\u00e4mykselliseen n\u00e4yttelyyn"}]},{"@type":"WebSite","@id":"https:\/\/smy.fi\/metsapaivat\/#website","url":"https:\/\/smy.fi\/metsapaivat\/","name":"Mets\u00e4p\u00e4iv\u00e4t","description":"Uusi SMY Sites -sivusto","potentialAction":[{"@type":"SearchAction","target":{"@type":"EntryPoint","urlTemplate":"https:\/\/smy.fi\/metsapaivat\/?s={search_term_string}"},"query-input":{"@type":"PropertyValueSpecification","valueRequired":true,"valueName":"search_term_string"}}],"inLanguage":"fi"},{"@type":"Person","@id":"https:\/\/smy.fi\/metsapaivat\/#\/schema\/person\/665b74057cdde002e6924a711b60399a","name":"Vilma Issakainen","url":"https:\/\/smy.fi\/metsapaivat\/author\/vilma\/"}]}},"_links":{"self":[{"href":"https:\/\/smy.fi\/metsapaivat\/wp-json\/wp\/v2\/posts\/3037","targetHints":{"allow":["GET"]}}],"collection":[{"href":"https:\/\/smy.fi\/metsapaivat\/wp-json\/wp\/v2\/posts"}],"about":[{"href":"https:\/\/smy.fi\/metsapaivat\/wp-json\/wp\/v2\/types\/post"}],"author":[{"embeddable":true,"href":"https:\/\/smy.fi\/metsapaivat\/wp-json\/wp\/v2\/users\/5"}],"replies":[{"embeddable":true,"href":"https:\/\/smy.fi\/metsapaivat\/wp-json\/wp\/v2\/comments?post=3037"}],"version-history":[{"count":0,"href":"https:\/\/smy.fi\/metsapaivat\/wp-json\/wp\/v2\/posts\/3037\/revisions"}],"wp:featuredmedia":[{"embeddable":true,"href":"https:\/\/smy.fi\/metsapaivat\/wp-json\/wp\/v2\/media\/3038"}],"wp:attachment":[{"href":"https:\/\/smy.fi\/metsapaivat\/wp-json\/wp\/v2\/media?parent=3037"}],"wp:term":[{"taxonomy":"category","embeddable":true,"href":"https:\/\/smy.fi\/metsapaivat\/wp-json\/wp\/v2\/categories?post=3037"},{"taxonomy":"post_tag","embeddable":true,"href":"https:\/\/smy.fi\/metsapaivat\/wp-json\/wp\/v2\/tags?post=3037"}],"curies":[{"name":"wp","href":"https:\/\/api.w.org\/{rel}","templated":true}]}}