{"id":3087,"date":"2025-10-21T18:56:00","date_gmt":"2025-10-21T15:56:00","guid":{"rendered":"https:\/\/smyfi.wpenginepowered.com\/metsapaivat\/?p=3087"},"modified":"2025-10-22T11:56:07","modified_gmt":"2025-10-22T08:56:07","slug":"kirjailija-kirsti-manninen-sanoittaa-metsapaivilla-historian-merkitysta-metsaalalle","status":"publish","type":"post","link":"https:\/\/smy.fi\/metsapaivat\/kirjailija-kirsti-manninen-sanoittaa-metsapaivilla-historian-merkitysta-metsaalalle\/","title":{"rendered":"Kirjailija Kirsti Manninen sanoittaa Mets\u00e4p\u00e4ivill\u00e4 historian merkityst\u00e4 mets\u00e4alalle"},"content":{"rendered":"\n<p class=\"is-style-lead-text\">Kirjailija, k\u00e4sikirjoittaja ja historiantutkija Kirsti Manninen kertoo Mets\u00e4p\u00e4ivill\u00e4 mukaansatempaavasti siit\u00e4, mit\u00e4 inspiraatiota voimme l\u00f6yt\u00e4\u00e4 mets\u00e4l\u00e4isyyden historiastamme.<\/p>\n\n\n\n<p>Kun kirjailija ja tutkija <strong>Kirsti Manninen <\/strong>ottaa paikkansa 100 vuotta t\u00e4ytt\u00e4vien Mets\u00e4p\u00e4ivien juhlalavalla keskiviikkona 22.10.2025, luvassa on el\u00e4v\u00e4inen ja mieleenpainuva katsaus mets\u00e4alan historiaan.<\/p>\n\n\n\n<p>Manninen tunnetaan parhaiten kirjailijana ja k\u00e4sikirjoittajana. H\u00e4n on julkaissut toistasataa teosta omalla nimell\u00e4\u00e4n ja kirjailijanimell\u00e4 Enni Mustonen.<\/p>\n\n\n\n<p>Mets\u00e4 ja mets\u00e4ala kulkevat mukana monissa Mannisen historiallisissa romaaneissa. Manninen on perehtynyt siihen, miten metsien merkitys suomalaisille on muuttunut vuosikymmenten kuluessa. H\u00e4n on tutkinut metsi\u00e4 ja suomalaisten mets\u00e4suhdetta niin ymp\u00e4rist\u00f6historian kuin kansallisen identiteetin kannalta. H\u00e4n osaa kertoa, millaisessa ilmapiiriss\u00e4 ensimm\u00e4iset Mets\u00e4p\u00e4iv\u00e4t j\u00e4rjestettiin, ja mit\u00e4 mets\u00e4alan historiasta on siirtynyt voimavaraksi tulevaan.<\/p>\n\n\n\n<p>Manninen on k\u00e4sikirjoittanut my\u00f6s Finlandia-talon kes\u00e4kuussa avautuneen pysyv\u00e4n n\u00e4yttelyn, jossa kuljetaan Alvar, Aino ja Elissa Aallon matkassa tutustuen muun muassa mets\u00e4n ja puun rooliin suomalaisuuden historiassa. Mets\u00e4p\u00e4ivien j\u00e4rjest\u00e4j\u00e4n, Suomen Mets\u00e4yhdistyksen Uusi puu -hanke nostaa n\u00e4yttelyss\u00e4 esiin suomalaisen mets\u00e4biotalouden innovaatiot.<\/p>\n\n\n\n<p>Kirsti Mannista haastattelevat Mets\u00e4p\u00e4ivien keskiviikon <a href=\"https:\/\/smy.fi\/metsapaivat\/metsapaivien-100-vuotisjuhlien-juontajina-ella-kanninen-ja-markus-liimatainen\/\">juhlaohjelman juontajat<\/a>, toimittaja <strong>Ella Kanninen<\/strong> ja Ylell\u00e4 ty\u00f6skentelev\u00e4 <strong>Markus Liimatainen<\/strong>.<\/p>\n\n\n\n<p>Mets\u00e4p\u00e4ivien osallistujille j\u00e4rjestet\u00e4\u00e4n kierroksia uudessa el\u00e4myksellisess\u00e4 <a href=\"https:\/\/smy.fi\/metsapaivat\/metsapaivilla-paaset-opastetulle-kierrokselle-finlandia-talon-uuteen-elamykselliseen-nayttelyyn\/\">Finlandia-n\u00e4yttelyss\u00e4<\/a>.<\/p>\n","protected":false},"excerpt":{"rendered":"<p>Kirjailija, k\u00e4sikirjoittaja ja historiantutkija Kirsti Manninen kertoo Mets\u00e4p\u00e4ivill\u00e4 mukaansatempaavasti siit\u00e4, mit\u00e4 inspiraatiota voimme l\u00f6yt\u00e4\u00e4 mets\u00e4l\u00e4isyyden historiastamme. Kun kirjailija ja tutkija Kirsti Manninen ottaa paikkansa 100 vuotta t\u00e4ytt\u00e4vien Mets\u00e4p\u00e4ivien juhlalavalla keskiviikkona 22.10.2025, luvassa on el\u00e4v\u00e4inen ja mieleenpainuva katsaus mets\u00e4alan historiaan. Manninen tunnetaan parhaiten kirjailijana ja k\u00e4sikirjoittajana. H\u00e4n on julkaissut toistasataa teosta omalla nimell\u00e4\u00e4n ja kirjailijanimell\u00e4 Enni&#8230;<\/p>\n","protected":false},"author":5,"featured_media":3088,"comment_status":"closed","ping_status":"closed","sticky":false,"template":"","format":"standard","meta":{"_acf_changed":false,"footnotes":""},"categories":[4],"tags":[],"class_list":["post-3087","post","type-post","status-publish","format-standard","has-post-thumbnail","hentry","category-ajankohtaista"],"acf":[],"yoast_head":"<!-- This site is optimized with the Yoast SEO plugin v27.0 - https:\/\/yoast.com\/product\/yoast-seo-wordpress\/ -->\n<title>Kirjailija Kirsti Manninen sanoittaa Mets\u00e4p\u00e4ivill\u00e4 historian merkityst\u00e4 mets\u00e4alalle - Mets\u00e4p\u00e4iv\u00e4t<\/title>\n<meta name=\"robots\" content=\"index, follow, max-snippet:-1, max-image-preview:large, max-video-preview:-1\" \/>\n<link rel=\"canonical\" href=\"https:\/\/smy.fi\/metsapaivat\/kirjailija-kirsti-manninen-sanoittaa-metsapaivilla-historian-merkitysta-metsaalalle\/\" \/>\n<meta property=\"og:locale\" content=\"fi_FI\" \/>\n<meta property=\"og:type\" content=\"article\" \/>\n<meta property=\"og:title\" content=\"Kirjailija Kirsti Manninen sanoittaa Mets\u00e4p\u00e4ivill\u00e4 historian merkityst\u00e4 mets\u00e4alalle - Mets\u00e4p\u00e4iv\u00e4t\" \/>\n<meta property=\"og:description\" content=\"Kirjailija, k\u00e4sikirjoittaja ja historiantutkija Kirsti Manninen kertoo Mets\u00e4p\u00e4ivill\u00e4 mukaansatempaavasti siit\u00e4, mit\u00e4 inspiraatiota voimme l\u00f6yt\u00e4\u00e4 mets\u00e4l\u00e4isyyden historiastamme. Kun kirjailija ja tutkija Kirsti Manninen ottaa paikkansa 100 vuotta t\u00e4ytt\u00e4vien Mets\u00e4p\u00e4ivien juhlalavalla keskiviikkona 22.10.2025, luvassa on el\u00e4v\u00e4inen ja mieleenpainuva katsaus mets\u00e4alan historiaan. Manninen tunnetaan parhaiten kirjailijana ja k\u00e4sikirjoittajana. H\u00e4n on julkaissut toistasataa teosta omalla nimell\u00e4\u00e4n ja kirjailijanimell\u00e4 Enni...\" \/>\n<meta property=\"og:url\" content=\"https:\/\/smy.fi\/metsapaivat\/kirjailija-kirsti-manninen-sanoittaa-metsapaivilla-historian-merkitysta-metsaalalle\/\" \/>\n<meta property=\"og:site_name\" content=\"Mets\u00e4p\u00e4iv\u00e4t\" \/>\n<meta property=\"article:published_time\" content=\"2025-10-21T15:56:00+00:00\" \/>\n<meta property=\"article:modified_time\" content=\"2025-10-22T08:56:07+00:00\" \/>\n<meta property=\"og:image\" content=\"https:\/\/smy.fi\/metsapaivat\/wp-content\/uploads\/sites\/2\/2025\/08\/Otava_KirstiManninen_JR_11-scaled.jpg\" \/>\n\t<meta property=\"og:image:width\" content=\"2560\" \/>\n\t<meta property=\"og:image:height\" content=\"1707\" \/>\n\t<meta property=\"og:image:type\" content=\"image\/jpeg\" \/>\n<meta name=\"author\" content=\"Vilma Issakainen\" \/>\n<meta name=\"twitter:card\" content=\"summary_large_image\" \/>\n<meta name=\"twitter:label1\" content=\"Written by\" \/>\n\t<meta name=\"twitter:data1\" content=\"Vilma Issakainen\" \/>\n\t<meta name=\"twitter:label2\" content=\"Est. reading time\" \/>\n\t<meta name=\"twitter:data2\" content=\"2 minuuttia\" \/>\n<script type=\"application\/ld+json\" class=\"yoast-schema-graph\">{\"@context\":\"https:\/\/schema.org\",\"@graph\":[{\"@type\":\"Article\",\"@id\":\"https:\/\/smy.fi\/metsapaivat\/kirjailija-kirsti-manninen-sanoittaa-metsapaivilla-historian-merkitysta-metsaalalle\/#article\",\"isPartOf\":{\"@id\":\"https:\/\/smy.fi\/metsapaivat\/kirjailija-kirsti-manninen-sanoittaa-metsapaivilla-historian-merkitysta-metsaalalle\/\"},\"author\":{\"name\":\"Vilma Issakainen\",\"@id\":\"https:\/\/smy.fi\/metsapaivat\/#\/schema\/person\/665b74057cdde002e6924a711b60399a\"},\"headline\":\"Kirjailija Kirsti Manninen sanoittaa Mets\u00e4p\u00e4ivill\u00e4 historian merkityst\u00e4 mets\u00e4alalle\",\"datePublished\":\"2025-10-21T15:56:00+00:00\",\"dateModified\":\"2025-10-22T08:56:07+00:00\",\"mainEntityOfPage\":{\"@id\":\"https:\/\/smy.fi\/metsapaivat\/kirjailija-kirsti-manninen-sanoittaa-metsapaivilla-historian-merkitysta-metsaalalle\/\"},\"wordCount\":227,\"image\":{\"@id\":\"https:\/\/smy.fi\/metsapaivat\/kirjailija-kirsti-manninen-sanoittaa-metsapaivilla-historian-merkitysta-metsaalalle\/#primaryimage\"},\"thumbnailUrl\":\"https:\/\/smy.fi\/metsapaivat\/wp-content\/uploads\/sites\/2\/2025\/08\/Otava_KirstiManninen_JR_11-scaled.jpg\",\"articleSection\":[\"Ajankohtaista\"],\"inLanguage\":\"fi\"},{\"@type\":\"WebPage\",\"@id\":\"https:\/\/smy.fi\/metsapaivat\/kirjailija-kirsti-manninen-sanoittaa-metsapaivilla-historian-merkitysta-metsaalalle\/\",\"url\":\"https:\/\/smy.fi\/metsapaivat\/kirjailija-kirsti-manninen-sanoittaa-metsapaivilla-historian-merkitysta-metsaalalle\/\",\"name\":\"Kirjailija Kirsti Manninen sanoittaa Mets\u00e4p\u00e4ivill\u00e4 historian merkityst\u00e4 mets\u00e4alalle - Mets\u00e4p\u00e4iv\u00e4t\",\"isPartOf\":{\"@id\":\"https:\/\/smy.fi\/metsapaivat\/#website\"},\"primaryImageOfPage\":{\"@id\":\"https:\/\/smy.fi\/metsapaivat\/kirjailija-kirsti-manninen-sanoittaa-metsapaivilla-historian-merkitysta-metsaalalle\/#primaryimage\"},\"image\":{\"@id\":\"https:\/\/smy.fi\/metsapaivat\/kirjailija-kirsti-manninen-sanoittaa-metsapaivilla-historian-merkitysta-metsaalalle\/#primaryimage\"},\"thumbnailUrl\":\"https:\/\/smy.fi\/metsapaivat\/wp-content\/uploads\/sites\/2\/2025\/08\/Otava_KirstiManninen_JR_11-scaled.jpg\",\"datePublished\":\"2025-10-21T15:56:00+00:00\",\"dateModified\":\"2025-10-22T08:56:07+00:00\",\"author\":{\"@id\":\"https:\/\/smy.fi\/metsapaivat\/#\/schema\/person\/665b74057cdde002e6924a711b60399a\"},\"breadcrumb\":{\"@id\":\"https:\/\/smy.fi\/metsapaivat\/kirjailija-kirsti-manninen-sanoittaa-metsapaivilla-historian-merkitysta-metsaalalle\/#breadcrumb\"},\"inLanguage\":\"fi\",\"potentialAction\":[{\"@type\":\"ReadAction\",\"target\":[\"https:\/\/smy.fi\/metsapaivat\/kirjailija-kirsti-manninen-sanoittaa-metsapaivilla-historian-merkitysta-metsaalalle\/\"]}]},{\"@type\":\"ImageObject\",\"inLanguage\":\"fi\",\"@id\":\"https:\/\/smy.fi\/metsapaivat\/kirjailija-kirsti-manninen-sanoittaa-metsapaivilla-historian-merkitysta-metsaalalle\/#primaryimage\",\"url\":\"https:\/\/smy.fi\/metsapaivat\/wp-content\/uploads\/sites\/2\/2025\/08\/Otava_KirstiManninen_JR_11-scaled.jpg\",\"contentUrl\":\"https:\/\/smy.fi\/metsapaivat\/wp-content\/uploads\/sites\/2\/2025\/08\/Otava_KirstiManninen_JR_11-scaled.jpg\",\"width\":2560,\"height\":1707,\"caption\":\"Kuva: Jonne R\u00e4s\u00e4nen \/ Otavan kuvapankki\"},{\"@type\":\"BreadcrumbList\",\"@id\":\"https:\/\/smy.fi\/metsapaivat\/kirjailija-kirsti-manninen-sanoittaa-metsapaivilla-historian-merkitysta-metsaalalle\/#breadcrumb\",\"itemListElement\":[{\"@type\":\"ListItem\",\"position\":1,\"name\":\"Home\",\"item\":\"https:\/\/smy.fi\/metsapaivat\/\"},{\"@type\":\"ListItem\",\"position\":2,\"name\":\"Kirjailija Kirsti Manninen sanoittaa Mets\u00e4p\u00e4ivill\u00e4 historian merkityst\u00e4 mets\u00e4alalle\"}]},{\"@type\":\"WebSite\",\"@id\":\"https:\/\/smy.fi\/metsapaivat\/#website\",\"url\":\"https:\/\/smy.fi\/metsapaivat\/\",\"name\":\"Mets\u00e4p\u00e4iv\u00e4t\",\"description\":\"Uusi SMY Sites -sivusto\",\"potentialAction\":[{\"@type\":\"SearchAction\",\"target\":{\"@type\":\"EntryPoint\",\"urlTemplate\":\"https:\/\/smy.fi\/metsapaivat\/?s={search_term_string}\"},\"query-input\":{\"@type\":\"PropertyValueSpecification\",\"valueRequired\":true,\"valueName\":\"search_term_string\"}}],\"inLanguage\":\"fi\"},{\"@type\":\"Person\",\"@id\":\"https:\/\/smy.fi\/metsapaivat\/#\/schema\/person\/665b74057cdde002e6924a711b60399a\",\"name\":\"Vilma Issakainen\",\"url\":\"https:\/\/smy.fi\/metsapaivat\/author\/vilma\/\"}]}<\/script>\n<!-- \/ Yoast SEO plugin. -->","yoast_head_json":{"title":"Kirjailija Kirsti Manninen sanoittaa Mets\u00e4p\u00e4ivill\u00e4 historian merkityst\u00e4 mets\u00e4alalle - Mets\u00e4p\u00e4iv\u00e4t","robots":{"index":"index","follow":"follow","max-snippet":"max-snippet:-1","max-image-preview":"max-image-preview:large","max-video-preview":"max-video-preview:-1"},"canonical":"https:\/\/smy.fi\/metsapaivat\/kirjailija-kirsti-manninen-sanoittaa-metsapaivilla-historian-merkitysta-metsaalalle\/","og_locale":"fi_FI","og_type":"article","og_title":"Kirjailija Kirsti Manninen sanoittaa Mets\u00e4p\u00e4ivill\u00e4 historian merkityst\u00e4 mets\u00e4alalle - Mets\u00e4p\u00e4iv\u00e4t","og_description":"Kirjailija, k\u00e4sikirjoittaja ja historiantutkija Kirsti Manninen kertoo Mets\u00e4p\u00e4ivill\u00e4 mukaansatempaavasti siit\u00e4, mit\u00e4 inspiraatiota voimme l\u00f6yt\u00e4\u00e4 mets\u00e4l\u00e4isyyden historiastamme. Kun kirjailija ja tutkija Kirsti Manninen ottaa paikkansa 100 vuotta t\u00e4ytt\u00e4vien Mets\u00e4p\u00e4ivien juhlalavalla keskiviikkona 22.10.2025, luvassa on el\u00e4v\u00e4inen ja mieleenpainuva katsaus mets\u00e4alan historiaan. Manninen tunnetaan parhaiten kirjailijana ja k\u00e4sikirjoittajana. H\u00e4n on julkaissut toistasataa teosta omalla nimell\u00e4\u00e4n ja kirjailijanimell\u00e4 Enni...","og_url":"https:\/\/smy.fi\/metsapaivat\/kirjailija-kirsti-manninen-sanoittaa-metsapaivilla-historian-merkitysta-metsaalalle\/","og_site_name":"Mets\u00e4p\u00e4iv\u00e4t","article_published_time":"2025-10-21T15:56:00+00:00","article_modified_time":"2025-10-22T08:56:07+00:00","og_image":[{"width":2560,"height":1707,"url":"https:\/\/smy.fi\/metsapaivat\/wp-content\/uploads\/sites\/2\/2025\/08\/Otava_KirstiManninen_JR_11-scaled.jpg","type":"image\/jpeg"}],"author":"Vilma Issakainen","twitter_card":"summary_large_image","twitter_misc":{"Written by":"Vilma Issakainen","Est. reading time":"2 minuuttia"},"schema":{"@context":"https:\/\/schema.org","@graph":[{"@type":"Article","@id":"https:\/\/smy.fi\/metsapaivat\/kirjailija-kirsti-manninen-sanoittaa-metsapaivilla-historian-merkitysta-metsaalalle\/#article","isPartOf":{"@id":"https:\/\/smy.fi\/metsapaivat\/kirjailija-kirsti-manninen-sanoittaa-metsapaivilla-historian-merkitysta-metsaalalle\/"},"author":{"name":"Vilma Issakainen","@id":"https:\/\/smy.fi\/metsapaivat\/#\/schema\/person\/665b74057cdde002e6924a711b60399a"},"headline":"Kirjailija Kirsti Manninen sanoittaa Mets\u00e4p\u00e4ivill\u00e4 historian merkityst\u00e4 mets\u00e4alalle","datePublished":"2025-10-21T15:56:00+00:00","dateModified":"2025-10-22T08:56:07+00:00","mainEntityOfPage":{"@id":"https:\/\/smy.fi\/metsapaivat\/kirjailija-kirsti-manninen-sanoittaa-metsapaivilla-historian-merkitysta-metsaalalle\/"},"wordCount":227,"image":{"@id":"https:\/\/smy.fi\/metsapaivat\/kirjailija-kirsti-manninen-sanoittaa-metsapaivilla-historian-merkitysta-metsaalalle\/#primaryimage"},"thumbnailUrl":"https:\/\/smy.fi\/metsapaivat\/wp-content\/uploads\/sites\/2\/2025\/08\/Otava_KirstiManninen_JR_11-scaled.jpg","articleSection":["Ajankohtaista"],"inLanguage":"fi"},{"@type":"WebPage","@id":"https:\/\/smy.fi\/metsapaivat\/kirjailija-kirsti-manninen-sanoittaa-metsapaivilla-historian-merkitysta-metsaalalle\/","url":"https:\/\/smy.fi\/metsapaivat\/kirjailija-kirsti-manninen-sanoittaa-metsapaivilla-historian-merkitysta-metsaalalle\/","name":"Kirjailija Kirsti Manninen sanoittaa Mets\u00e4p\u00e4ivill\u00e4 historian merkityst\u00e4 mets\u00e4alalle - Mets\u00e4p\u00e4iv\u00e4t","isPartOf":{"@id":"https:\/\/smy.fi\/metsapaivat\/#website"},"primaryImageOfPage":{"@id":"https:\/\/smy.fi\/metsapaivat\/kirjailija-kirsti-manninen-sanoittaa-metsapaivilla-historian-merkitysta-metsaalalle\/#primaryimage"},"image":{"@id":"https:\/\/smy.fi\/metsapaivat\/kirjailija-kirsti-manninen-sanoittaa-metsapaivilla-historian-merkitysta-metsaalalle\/#primaryimage"},"thumbnailUrl":"https:\/\/smy.fi\/metsapaivat\/wp-content\/uploads\/sites\/2\/2025\/08\/Otava_KirstiManninen_JR_11-scaled.jpg","datePublished":"2025-10-21T15:56:00+00:00","dateModified":"2025-10-22T08:56:07+00:00","author":{"@id":"https:\/\/smy.fi\/metsapaivat\/#\/schema\/person\/665b74057cdde002e6924a711b60399a"},"breadcrumb":{"@id":"https:\/\/smy.fi\/metsapaivat\/kirjailija-kirsti-manninen-sanoittaa-metsapaivilla-historian-merkitysta-metsaalalle\/#breadcrumb"},"inLanguage":"fi","potentialAction":[{"@type":"ReadAction","target":["https:\/\/smy.fi\/metsapaivat\/kirjailija-kirsti-manninen-sanoittaa-metsapaivilla-historian-merkitysta-metsaalalle\/"]}]},{"@type":"ImageObject","inLanguage":"fi","@id":"https:\/\/smy.fi\/metsapaivat\/kirjailija-kirsti-manninen-sanoittaa-metsapaivilla-historian-merkitysta-metsaalalle\/#primaryimage","url":"https:\/\/smy.fi\/metsapaivat\/wp-content\/uploads\/sites\/2\/2025\/08\/Otava_KirstiManninen_JR_11-scaled.jpg","contentUrl":"https:\/\/smy.fi\/metsapaivat\/wp-content\/uploads\/sites\/2\/2025\/08\/Otava_KirstiManninen_JR_11-scaled.jpg","width":2560,"height":1707,"caption":"Kuva: Jonne R\u00e4s\u00e4nen \/ Otavan kuvapankki"},{"@type":"BreadcrumbList","@id":"https:\/\/smy.fi\/metsapaivat\/kirjailija-kirsti-manninen-sanoittaa-metsapaivilla-historian-merkitysta-metsaalalle\/#breadcrumb","itemListElement":[{"@type":"ListItem","position":1,"name":"Home","item":"https:\/\/smy.fi\/metsapaivat\/"},{"@type":"ListItem","position":2,"name":"Kirjailija Kirsti Manninen sanoittaa Mets\u00e4p\u00e4ivill\u00e4 historian merkityst\u00e4 mets\u00e4alalle"}]},{"@type":"WebSite","@id":"https:\/\/smy.fi\/metsapaivat\/#website","url":"https:\/\/smy.fi\/metsapaivat\/","name":"Mets\u00e4p\u00e4iv\u00e4t","description":"Uusi SMY Sites -sivusto","potentialAction":[{"@type":"SearchAction","target":{"@type":"EntryPoint","urlTemplate":"https:\/\/smy.fi\/metsapaivat\/?s={search_term_string}"},"query-input":{"@type":"PropertyValueSpecification","valueRequired":true,"valueName":"search_term_string"}}],"inLanguage":"fi"},{"@type":"Person","@id":"https:\/\/smy.fi\/metsapaivat\/#\/schema\/person\/665b74057cdde002e6924a711b60399a","name":"Vilma Issakainen","url":"https:\/\/smy.fi\/metsapaivat\/author\/vilma\/"}]}},"_links":{"self":[{"href":"https:\/\/smy.fi\/metsapaivat\/wp-json\/wp\/v2\/posts\/3087","targetHints":{"allow":["GET"]}}],"collection":[{"href":"https:\/\/smy.fi\/metsapaivat\/wp-json\/wp\/v2\/posts"}],"about":[{"href":"https:\/\/smy.fi\/metsapaivat\/wp-json\/wp\/v2\/types\/post"}],"author":[{"embeddable":true,"href":"https:\/\/smy.fi\/metsapaivat\/wp-json\/wp\/v2\/users\/5"}],"replies":[{"embeddable":true,"href":"https:\/\/smy.fi\/metsapaivat\/wp-json\/wp\/v2\/comments?post=3087"}],"version-history":[{"count":0,"href":"https:\/\/smy.fi\/metsapaivat\/wp-json\/wp\/v2\/posts\/3087\/revisions"}],"wp:featuredmedia":[{"embeddable":true,"href":"https:\/\/smy.fi\/metsapaivat\/wp-json\/wp\/v2\/media\/3088"}],"wp:attachment":[{"href":"https:\/\/smy.fi\/metsapaivat\/wp-json\/wp\/v2\/media?parent=3087"}],"wp:term":[{"taxonomy":"category","embeddable":true,"href":"https:\/\/smy.fi\/metsapaivat\/wp-json\/wp\/v2\/categories?post=3087"},{"taxonomy":"post_tag","embeddable":true,"href":"https:\/\/smy.fi\/metsapaivat\/wp-json\/wp\/v2\/tags?post=3087"}],"curies":[{"name":"wp","href":"https:\/\/api.w.org\/{rel}","templated":true}]}}