{"id":3091,"date":"2025-08-14T10:10:04","date_gmt":"2025-08-14T07:10:04","guid":{"rendered":"https:\/\/smyfi.wpenginepowered.com\/metsapaivat\/?p=3091"},"modified":"2025-09-30T10:16:04","modified_gmt":"2025-09-30T07:16:04","slug":"metsapaivat-100-vuotta-kerro-meille-parhaat-muistot-ja-tarinat","status":"publish","type":"post","link":"https:\/\/smy.fi\/metsapaivat\/metsapaivat-100-vuotta-kerro-meille-parhaat-muistot-ja-tarinat\/","title":{"rendered":"Mets\u00e4p\u00e4iv\u00e4t 100 vuotta \u2013 kerro meille parhaat muistot ja tarinat"},"content":{"rendered":"\n<p class=\"is-style-lead-text\">Lokakuussa 2025 mets\u00e4ala juhlii yhdess\u00e4 Mets\u00e4p\u00e4ivi\u00e4 \u2013 tapahtumaa, joka on koonnut yhteen alan asiantuntijat ja toimijat jo kokonaisen vuosisadan ajan. Satavuotisjuhlan kunniaksi haluamme ker\u00e4t\u00e4 muistoja, tarinoita ja hauskoja sattumuksia teilt\u00e4, jotka olette olleet mukana Mets\u00e4p\u00e4ivill\u00e4 \u2013 ehk\u00e4 jopa vuosikymmenten ajan!<\/p>\n\n\n\n<p><strong><mark style=\"background-color:#fcb900\" class=\"has-inline-color\">Kiitos kaikille muistelunsa j\u00e4tt\u00e4neille. Arvonta on suoritettu ma 29.9.2025 ja arvonnan voitti Teemu Huikuri. L\u00e4mpim\u00e4t onnittelut voittajalle! Palkintona on sis\u00e4\u00e4np\u00e4\u00e4sy Mets\u00e4p\u00e4ivien juhlap\u00e4iv\u00e4\u00e4n keskiviikkona 22.10. <\/mark><\/strong><\/p>\n\n\n\n<p>Jos sinulla on tarina, joka kiteytt\u00e4\u00e4 Mets\u00e4p\u00e4ivien hengen, kerro se meille. Tai muistatko hetken, joka sai sinut nauramaan \u00e4\u00e4neen? Mik\u00e4 kohtaaminen, puheenvuoro tai sattumus on j\u00e4\u00e4nyt erityisesti mieleen?<\/p>\n\n\n\n<p>Olipa kyseess\u00e4 l\u00e4mmin muisto, yll\u00e4tt\u00e4v\u00e4 k\u00e4\u00e4nne tai legendaarinen tapahtuma, haluaisimme kuulla sen. Tarinoita voidaan k\u00e4ytt\u00e4\u00e4 Mets\u00e4p\u00e4ivien juhlamateriaalissa, esimerkiksi verkkosivuilla, n\u00e4yttelyss\u00e4  tai juhlaesityksiss\u00e4 \u2013 tietenkin kunnioittaen kertojan toiveita.<\/p>\n\n\n\n<p>Jos haluat, voit my\u00f6s kertoa, mink\u00e4 vuosien Mets\u00e4p\u00e4ivill\u00e4 olet ollut mukana. Kuulemme mielell\u00e4\u00e4n my\u00f6s Mets\u00e4p\u00e4ivien konkareista. Kuka on ehtinyt k\u00e4yd\u00e4 useimmilla Mets\u00e4p\u00e4ivill\u00e4? Miten tapahtuma ja sen sis\u00e4lt\u00f6 ja teemat ovat muuttuneet vuosikymmenten kuluessa?<\/p>\n\n\n\n<p>Ent\u00e4 onko sinulla tallessa valokuvia, videota, lehtileikkeit\u00e4 tai vanhoja k\u00e4siohjelmia Mets\u00e4p\u00e4ivilt\u00e4? My\u00f6s ne ovat tervetullutta materiaalia Mets\u00e4p\u00e4ivien historian kartoittamiseen. <\/p>\n\n\n\n<p>Kiitos, ett\u00e4 olet ollut osa Mets\u00e4p\u00e4ivien tarinaa \u2013 tehd\u00e4\u00e4n yhdess\u00e4 n\u00e4kyv\u00e4ksi se, mik\u00e4 tekee t\u00e4st\u00e4 tapahtumasta ainutlaatuisen!<\/p>\n\n\n\n<p><strong>Lis\u00e4tietoja: <\/strong><\/p>\n\n\n\n<section class=\"featured-henkilo\">\n  \n      <div class=\"featured-henkilo__card\">\n      <div class=\"featured-henkilo__image\">\n        <img decoding=\"async\" src=\"https:\/\/smy.fi\/metsapaivat\/wp-content\/uploads\/sites\/2\/2023\/01\/Anna-Kauppi.jpg\" alt=\"kuva: Anna Kauppi\">\n      <\/div>\n      <ul>\n        <li class=\"featured-henkilo--title\">Viestint\u00e4p\u00e4\u00e4llikk\u00f6<\/li>\n        <li>Anna Kauppi<\/li>\n        <li>+358 400 702 102<\/li>\n        <li>anna.kauppi@smy.fi<\/li>\n      <\/ul>\n      <\/div><\/section>\n\n\n<section class=\"featured-henkilo\">\n  <\/section>","protected":false},"excerpt":{"rendered":"<p>Lokakuussa 2025 mets\u00e4ala juhlii yhdess\u00e4 Mets\u00e4p\u00e4ivi\u00e4 \u2013 tapahtumaa, joka on koonnut yhteen alan asiantuntijat ja toimijat jo kokonaisen vuosisadan ajan. Satavuotisjuhlan kunniaksi haluamme ker\u00e4t\u00e4 muistoja, tarinoita ja hauskoja sattumuksia teilt\u00e4, jotka olette olleet mukana Mets\u00e4p\u00e4ivill\u00e4 \u2013 ehk\u00e4 jopa vuosikymmenten ajan! Kiitos kaikille muistelunsa j\u00e4tt\u00e4neille. Arvonta on suoritettu ma 29.9.2025 ja arvonnan voitti Teemu Huikuri. L\u00e4mpim\u00e4t&#8230;<\/p>\n","protected":false},"author":5,"featured_media":3089,"comment_status":"closed","ping_status":"closed","sticky":false,"template":"","format":"standard","meta":{"_acf_changed":false,"footnotes":""},"categories":[4],"tags":[],"class_list":["post-3091","post","type-post","status-publish","format-standard","has-post-thumbnail","hentry","category-ajankohtaista"],"acf":[],"yoast_head":"<!-- This site is optimized with the Yoast SEO plugin v27.0 - https:\/\/yoast.com\/product\/yoast-seo-wordpress\/ -->\n<title>Mets\u00e4p\u00e4iv\u00e4t 100 vuotta \u2013 kerro meille parhaat muistot ja tarinat - Mets\u00e4p\u00e4iv\u00e4t<\/title>\n<meta name=\"robots\" content=\"index, follow, max-snippet:-1, max-image-preview:large, max-video-preview:-1\" \/>\n<link rel=\"canonical\" href=\"https:\/\/smy.fi\/metsapaivat\/metsapaivat-100-vuotta-kerro-meille-parhaat-muistot-ja-tarinat\/\" \/>\n<meta property=\"og:locale\" content=\"fi_FI\" \/>\n<meta property=\"og:type\" content=\"article\" \/>\n<meta property=\"og:title\" content=\"Mets\u00e4p\u00e4iv\u00e4t 100 vuotta \u2013 kerro meille parhaat muistot ja tarinat - Mets\u00e4p\u00e4iv\u00e4t\" \/>\n<meta property=\"og:description\" content=\"Lokakuussa 2025 mets\u00e4ala juhlii yhdess\u00e4 Mets\u00e4p\u00e4ivi\u00e4 \u2013 tapahtumaa, joka on koonnut yhteen alan asiantuntijat ja toimijat jo kokonaisen vuosisadan ajan. Satavuotisjuhlan kunniaksi haluamme ker\u00e4t\u00e4 muistoja, tarinoita ja hauskoja sattumuksia teilt\u00e4, jotka olette olleet mukana Mets\u00e4p\u00e4ivill\u00e4 \u2013 ehk\u00e4 jopa vuosikymmenten ajan! Kiitos kaikille muistelunsa j\u00e4tt\u00e4neille. Arvonta on suoritettu ma 29.9.2025 ja arvonnan voitti Teemu Huikuri. L\u00e4mpim\u00e4t...\" \/>\n<meta property=\"og:url\" content=\"https:\/\/smy.fi\/metsapaivat\/metsapaivat-100-vuotta-kerro-meille-parhaat-muistot-ja-tarinat\/\" \/>\n<meta property=\"og:site_name\" content=\"Mets\u00e4p\u00e4iv\u00e4t\" \/>\n<meta property=\"article:published_time\" content=\"2025-08-14T07:10:04+00:00\" \/>\n<meta property=\"article:modified_time\" content=\"2025-09-30T07:16:04+00:00\" \/>\n<meta property=\"og:image\" content=\"https:\/\/smy.fi\/metsapaivat\/wp-content\/uploads\/sites\/2\/2025\/08\/Lusto_10-metsapaivat-Helsingin-yliopisto.jpg\" \/>\n\t<meta property=\"og:image:width\" content=\"600\" \/>\n\t<meta property=\"og:image:height\" content=\"375\" \/>\n\t<meta property=\"og:image:type\" content=\"image\/jpeg\" \/>\n<meta name=\"author\" content=\"Vilma Issakainen\" \/>\n<meta name=\"twitter:card\" content=\"summary_large_image\" \/>\n<meta name=\"twitter:label1\" content=\"Written by\" \/>\n\t<meta name=\"twitter:data1\" content=\"Vilma Issakainen\" \/>\n\t<meta name=\"twitter:label2\" content=\"Est. reading time\" \/>\n\t<meta name=\"twitter:data2\" content=\"2 minuuttia\" \/>\n<script type=\"application\/ld+json\" class=\"yoast-schema-graph\">{\"@context\":\"https:\/\/schema.org\",\"@graph\":[{\"@type\":\"Article\",\"@id\":\"https:\/\/smy.fi\/metsapaivat\/metsapaivat-100-vuotta-kerro-meille-parhaat-muistot-ja-tarinat\/#article\",\"isPartOf\":{\"@id\":\"https:\/\/smy.fi\/metsapaivat\/metsapaivat-100-vuotta-kerro-meille-parhaat-muistot-ja-tarinat\/\"},\"author\":{\"name\":\"Vilma Issakainen\",\"@id\":\"https:\/\/smy.fi\/metsapaivat\/#\/schema\/person\/665b74057cdde002e6924a711b60399a\"},\"headline\":\"Mets\u00e4p\u00e4iv\u00e4t 100 vuotta \u2013 kerro meille parhaat muistot ja tarinat\",\"datePublished\":\"2025-08-14T07:10:04+00:00\",\"dateModified\":\"2025-09-30T07:16:04+00:00\",\"mainEntityOfPage\":{\"@id\":\"https:\/\/smy.fi\/metsapaivat\/metsapaivat-100-vuotta-kerro-meille-parhaat-muistot-ja-tarinat\/\"},\"wordCount\":244,\"image\":{\"@id\":\"https:\/\/smy.fi\/metsapaivat\/metsapaivat-100-vuotta-kerro-meille-parhaat-muistot-ja-tarinat\/#primaryimage\"},\"thumbnailUrl\":\"https:\/\/smy.fi\/metsapaivat\/wp-content\/uploads\/sites\/2\/2025\/08\/Lusto_10-metsapaivat-Helsingin-yliopisto.jpg\",\"articleSection\":[\"Ajankohtaista\"],\"inLanguage\":\"fi\"},{\"@type\":\"WebPage\",\"@id\":\"https:\/\/smy.fi\/metsapaivat\/metsapaivat-100-vuotta-kerro-meille-parhaat-muistot-ja-tarinat\/\",\"url\":\"https:\/\/smy.fi\/metsapaivat\/metsapaivat-100-vuotta-kerro-meille-parhaat-muistot-ja-tarinat\/\",\"name\":\"Mets\u00e4p\u00e4iv\u00e4t 100 vuotta \u2013 kerro meille parhaat muistot ja tarinat - Mets\u00e4p\u00e4iv\u00e4t\",\"isPartOf\":{\"@id\":\"https:\/\/smy.fi\/metsapaivat\/#website\"},\"primaryImageOfPage\":{\"@id\":\"https:\/\/smy.fi\/metsapaivat\/metsapaivat-100-vuotta-kerro-meille-parhaat-muistot-ja-tarinat\/#primaryimage\"},\"image\":{\"@id\":\"https:\/\/smy.fi\/metsapaivat\/metsapaivat-100-vuotta-kerro-meille-parhaat-muistot-ja-tarinat\/#primaryimage\"},\"thumbnailUrl\":\"https:\/\/smy.fi\/metsapaivat\/wp-content\/uploads\/sites\/2\/2025\/08\/Lusto_10-metsapaivat-Helsingin-yliopisto.jpg\",\"datePublished\":\"2025-08-14T07:10:04+00:00\",\"dateModified\":\"2025-09-30T07:16:04+00:00\",\"author\":{\"@id\":\"https:\/\/smy.fi\/metsapaivat\/#\/schema\/person\/665b74057cdde002e6924a711b60399a\"},\"breadcrumb\":{\"@id\":\"https:\/\/smy.fi\/metsapaivat\/metsapaivat-100-vuotta-kerro-meille-parhaat-muistot-ja-tarinat\/#breadcrumb\"},\"inLanguage\":\"fi\",\"potentialAction\":[{\"@type\":\"ReadAction\",\"target\":[\"https:\/\/smy.fi\/metsapaivat\/metsapaivat-100-vuotta-kerro-meille-parhaat-muistot-ja-tarinat\/\"]}]},{\"@type\":\"ImageObject\",\"inLanguage\":\"fi\",\"@id\":\"https:\/\/smy.fi\/metsapaivat\/metsapaivat-100-vuotta-kerro-meille-parhaat-muistot-ja-tarinat\/#primaryimage\",\"url\":\"https:\/\/smy.fi\/metsapaivat\/wp-content\/uploads\/sites\/2\/2025\/08\/Lusto_10-metsapaivat-Helsingin-yliopisto.jpg\",\"contentUrl\":\"https:\/\/smy.fi\/metsapaivat\/wp-content\/uploads\/sites\/2\/2025\/08\/Lusto_10-metsapaivat-Helsingin-yliopisto.jpg\",\"width\":600,\"height\":375,\"caption\":\"Mets\u00e4p\u00e4ivien osanottajia kuuntelemassa esitelm\u00e4\u00e4 Helsingin yliopiston juhlasalissa vuonna 1934.\"},{\"@type\":\"BreadcrumbList\",\"@id\":\"https:\/\/smy.fi\/metsapaivat\/metsapaivat-100-vuotta-kerro-meille-parhaat-muistot-ja-tarinat\/#breadcrumb\",\"itemListElement\":[{\"@type\":\"ListItem\",\"position\":1,\"name\":\"Home\",\"item\":\"https:\/\/smy.fi\/metsapaivat\/\"},{\"@type\":\"ListItem\",\"position\":2,\"name\":\"Mets\u00e4p\u00e4iv\u00e4t 100 vuotta \u2013 kerro meille parhaat muistot ja tarinat\"}]},{\"@type\":\"WebSite\",\"@id\":\"https:\/\/smy.fi\/metsapaivat\/#website\",\"url\":\"https:\/\/smy.fi\/metsapaivat\/\",\"name\":\"Mets\u00e4p\u00e4iv\u00e4t\",\"description\":\"Uusi SMY Sites -sivusto\",\"potentialAction\":[{\"@type\":\"SearchAction\",\"target\":{\"@type\":\"EntryPoint\",\"urlTemplate\":\"https:\/\/smy.fi\/metsapaivat\/?s={search_term_string}\"},\"query-input\":{\"@type\":\"PropertyValueSpecification\",\"valueRequired\":true,\"valueName\":\"search_term_string\"}}],\"inLanguage\":\"fi\"},{\"@type\":\"Person\",\"@id\":\"https:\/\/smy.fi\/metsapaivat\/#\/schema\/person\/665b74057cdde002e6924a711b60399a\",\"name\":\"Vilma Issakainen\",\"url\":\"https:\/\/smy.fi\/metsapaivat\/author\/vilma\/\"}]}<\/script>\n<!-- \/ Yoast SEO plugin. -->","yoast_head_json":{"title":"Mets\u00e4p\u00e4iv\u00e4t 100 vuotta \u2013 kerro meille parhaat muistot ja tarinat - Mets\u00e4p\u00e4iv\u00e4t","robots":{"index":"index","follow":"follow","max-snippet":"max-snippet:-1","max-image-preview":"max-image-preview:large","max-video-preview":"max-video-preview:-1"},"canonical":"https:\/\/smy.fi\/metsapaivat\/metsapaivat-100-vuotta-kerro-meille-parhaat-muistot-ja-tarinat\/","og_locale":"fi_FI","og_type":"article","og_title":"Mets\u00e4p\u00e4iv\u00e4t 100 vuotta \u2013 kerro meille parhaat muistot ja tarinat - Mets\u00e4p\u00e4iv\u00e4t","og_description":"Lokakuussa 2025 mets\u00e4ala juhlii yhdess\u00e4 Mets\u00e4p\u00e4ivi\u00e4 \u2013 tapahtumaa, joka on koonnut yhteen alan asiantuntijat ja toimijat jo kokonaisen vuosisadan ajan. Satavuotisjuhlan kunniaksi haluamme ker\u00e4t\u00e4 muistoja, tarinoita ja hauskoja sattumuksia teilt\u00e4, jotka olette olleet mukana Mets\u00e4p\u00e4ivill\u00e4 \u2013 ehk\u00e4 jopa vuosikymmenten ajan! Kiitos kaikille muistelunsa j\u00e4tt\u00e4neille. Arvonta on suoritettu ma 29.9.2025 ja arvonnan voitti Teemu Huikuri. L\u00e4mpim\u00e4t...","og_url":"https:\/\/smy.fi\/metsapaivat\/metsapaivat-100-vuotta-kerro-meille-parhaat-muistot-ja-tarinat\/","og_site_name":"Mets\u00e4p\u00e4iv\u00e4t","article_published_time":"2025-08-14T07:10:04+00:00","article_modified_time":"2025-09-30T07:16:04+00:00","og_image":[{"width":600,"height":375,"url":"https:\/\/smy.fi\/metsapaivat\/wp-content\/uploads\/sites\/2\/2025\/08\/Lusto_10-metsapaivat-Helsingin-yliopisto.jpg","type":"image\/jpeg"}],"author":"Vilma Issakainen","twitter_card":"summary_large_image","twitter_misc":{"Written by":"Vilma Issakainen","Est. reading time":"2 minuuttia"},"schema":{"@context":"https:\/\/schema.org","@graph":[{"@type":"Article","@id":"https:\/\/smy.fi\/metsapaivat\/metsapaivat-100-vuotta-kerro-meille-parhaat-muistot-ja-tarinat\/#article","isPartOf":{"@id":"https:\/\/smy.fi\/metsapaivat\/metsapaivat-100-vuotta-kerro-meille-parhaat-muistot-ja-tarinat\/"},"author":{"name":"Vilma Issakainen","@id":"https:\/\/smy.fi\/metsapaivat\/#\/schema\/person\/665b74057cdde002e6924a711b60399a"},"headline":"Mets\u00e4p\u00e4iv\u00e4t 100 vuotta \u2013 kerro meille parhaat muistot ja tarinat","datePublished":"2025-08-14T07:10:04+00:00","dateModified":"2025-09-30T07:16:04+00:00","mainEntityOfPage":{"@id":"https:\/\/smy.fi\/metsapaivat\/metsapaivat-100-vuotta-kerro-meille-parhaat-muistot-ja-tarinat\/"},"wordCount":244,"image":{"@id":"https:\/\/smy.fi\/metsapaivat\/metsapaivat-100-vuotta-kerro-meille-parhaat-muistot-ja-tarinat\/#primaryimage"},"thumbnailUrl":"https:\/\/smy.fi\/metsapaivat\/wp-content\/uploads\/sites\/2\/2025\/08\/Lusto_10-metsapaivat-Helsingin-yliopisto.jpg","articleSection":["Ajankohtaista"],"inLanguage":"fi"},{"@type":"WebPage","@id":"https:\/\/smy.fi\/metsapaivat\/metsapaivat-100-vuotta-kerro-meille-parhaat-muistot-ja-tarinat\/","url":"https:\/\/smy.fi\/metsapaivat\/metsapaivat-100-vuotta-kerro-meille-parhaat-muistot-ja-tarinat\/","name":"Mets\u00e4p\u00e4iv\u00e4t 100 vuotta \u2013 kerro meille parhaat muistot ja tarinat - Mets\u00e4p\u00e4iv\u00e4t","isPartOf":{"@id":"https:\/\/smy.fi\/metsapaivat\/#website"},"primaryImageOfPage":{"@id":"https:\/\/smy.fi\/metsapaivat\/metsapaivat-100-vuotta-kerro-meille-parhaat-muistot-ja-tarinat\/#primaryimage"},"image":{"@id":"https:\/\/smy.fi\/metsapaivat\/metsapaivat-100-vuotta-kerro-meille-parhaat-muistot-ja-tarinat\/#primaryimage"},"thumbnailUrl":"https:\/\/smy.fi\/metsapaivat\/wp-content\/uploads\/sites\/2\/2025\/08\/Lusto_10-metsapaivat-Helsingin-yliopisto.jpg","datePublished":"2025-08-14T07:10:04+00:00","dateModified":"2025-09-30T07:16:04+00:00","author":{"@id":"https:\/\/smy.fi\/metsapaivat\/#\/schema\/person\/665b74057cdde002e6924a711b60399a"},"breadcrumb":{"@id":"https:\/\/smy.fi\/metsapaivat\/metsapaivat-100-vuotta-kerro-meille-parhaat-muistot-ja-tarinat\/#breadcrumb"},"inLanguage":"fi","potentialAction":[{"@type":"ReadAction","target":["https:\/\/smy.fi\/metsapaivat\/metsapaivat-100-vuotta-kerro-meille-parhaat-muistot-ja-tarinat\/"]}]},{"@type":"ImageObject","inLanguage":"fi","@id":"https:\/\/smy.fi\/metsapaivat\/metsapaivat-100-vuotta-kerro-meille-parhaat-muistot-ja-tarinat\/#primaryimage","url":"https:\/\/smy.fi\/metsapaivat\/wp-content\/uploads\/sites\/2\/2025\/08\/Lusto_10-metsapaivat-Helsingin-yliopisto.jpg","contentUrl":"https:\/\/smy.fi\/metsapaivat\/wp-content\/uploads\/sites\/2\/2025\/08\/Lusto_10-metsapaivat-Helsingin-yliopisto.jpg","width":600,"height":375,"caption":"Mets\u00e4p\u00e4ivien osanottajia kuuntelemassa esitelm\u00e4\u00e4 Helsingin yliopiston juhlasalissa vuonna 1934."},{"@type":"BreadcrumbList","@id":"https:\/\/smy.fi\/metsapaivat\/metsapaivat-100-vuotta-kerro-meille-parhaat-muistot-ja-tarinat\/#breadcrumb","itemListElement":[{"@type":"ListItem","position":1,"name":"Home","item":"https:\/\/smy.fi\/metsapaivat\/"},{"@type":"ListItem","position":2,"name":"Mets\u00e4p\u00e4iv\u00e4t 100 vuotta \u2013 kerro meille parhaat muistot ja tarinat"}]},{"@type":"WebSite","@id":"https:\/\/smy.fi\/metsapaivat\/#website","url":"https:\/\/smy.fi\/metsapaivat\/","name":"Mets\u00e4p\u00e4iv\u00e4t","description":"Uusi SMY Sites -sivusto","potentialAction":[{"@type":"SearchAction","target":{"@type":"EntryPoint","urlTemplate":"https:\/\/smy.fi\/metsapaivat\/?s={search_term_string}"},"query-input":{"@type":"PropertyValueSpecification","valueRequired":true,"valueName":"search_term_string"}}],"inLanguage":"fi"},{"@type":"Person","@id":"https:\/\/smy.fi\/metsapaivat\/#\/schema\/person\/665b74057cdde002e6924a711b60399a","name":"Vilma Issakainen","url":"https:\/\/smy.fi\/metsapaivat\/author\/vilma\/"}]}},"_links":{"self":[{"href":"https:\/\/smy.fi\/metsapaivat\/wp-json\/wp\/v2\/posts\/3091","targetHints":{"allow":["GET"]}}],"collection":[{"href":"https:\/\/smy.fi\/metsapaivat\/wp-json\/wp\/v2\/posts"}],"about":[{"href":"https:\/\/smy.fi\/metsapaivat\/wp-json\/wp\/v2\/types\/post"}],"author":[{"embeddable":true,"href":"https:\/\/smy.fi\/metsapaivat\/wp-json\/wp\/v2\/users\/5"}],"replies":[{"embeddable":true,"href":"https:\/\/smy.fi\/metsapaivat\/wp-json\/wp\/v2\/comments?post=3091"}],"version-history":[{"count":0,"href":"https:\/\/smy.fi\/metsapaivat\/wp-json\/wp\/v2\/posts\/3091\/revisions"}],"wp:featuredmedia":[{"embeddable":true,"href":"https:\/\/smy.fi\/metsapaivat\/wp-json\/wp\/v2\/media\/3089"}],"wp:attachment":[{"href":"https:\/\/smy.fi\/metsapaivat\/wp-json\/wp\/v2\/media?parent=3091"}],"wp:term":[{"taxonomy":"category","embeddable":true,"href":"https:\/\/smy.fi\/metsapaivat\/wp-json\/wp\/v2\/categories?post=3091"},{"taxonomy":"post_tag","embeddable":true,"href":"https:\/\/smy.fi\/metsapaivat\/wp-json\/wp\/v2\/tags?post=3091"}],"curies":[{"name":"wp","href":"https:\/\/api.w.org\/{rel}","templated":true}]}}