{"id":3517,"date":"2025-10-22T11:51:48","date_gmt":"2025-10-22T08:51:48","guid":{"rendered":"https:\/\/smy.fi\/metsapaivat\/?p=3517"},"modified":"2025-10-28T21:32:02","modified_gmt":"2025-10-28T19:32:02","slug":"biokaasurekka-parkkeerasi-finlandia-talon-eteen-kuorma-havainnollistaa-metsien-kasvua","status":"publish","type":"post","link":"https:\/\/smy.fi\/metsapaivat\/biokaasurekka-parkkeerasi-finlandia-talon-eteen-kuorma-havainnollistaa-metsien-kasvua\/","title":{"rendered":"Biokaasurekka parkkeerasi Finlandia-talon eteen \u2013 kuorma havainnollistaa metsien kasvua"},"content":{"rendered":"\n<p class=\"is-style-lead-text\">Finlandia-talon edess\u00e4 p\u00e4\u00e4si Mets\u00e4p\u00e4ivill\u00e4 2025 tutustumaan biokaasurekkaan, jonka kyydiss\u00e4 oli 18 kuutiometri\u00e4 kotimaista puuta. Kuorma symboloi m\u00e4\u00e4r\u00e4\u00e4, joka vastaa yhden suomalaisen osuutta metsien vuotuisesta kasvusta.<\/p>\n\n\n\n<p>SKAL Mets\u00e4 ry:n ja Suomen Mets\u00e4yhdistyksen rekkatempaus oli osa Finlandia-talossa vietett\u00e4vi\u00e4 valtakunnallisia Mets\u00e4p\u00e4ivi\u00e4. Kuljetusliikkeen toimitusjohtaja <strong>Antti Nousiainen <\/strong>l\u00e4hti heti mukaan ideaan, jolla Mets\u00e4p\u00e4iv\u00e4t halusi tehd\u00e4 mets\u00e4alan ja metsien kasvun merkityksen Suomelle konkreettisesti n\u00e4kyv\u00e4ksi.<\/p>\n\n\n\n<p>&#8221;Tempaus havainnollistaa konkreettisesti, kuinka paljon mets\u00e4mme kasvavat. Kahdeksantoista kuutiota on vaikuttava n\u00e4ky, kun sen n\u00e4kee yhdell\u00e4 kertaa kuormattuna rekkaan. Mets\u00e4 on t\u00e4rke\u00e4 osa suomalaista el\u00e4m\u00e4\u00e4 ja kansantaloutta, mutta sen merkitys j\u00e4\u00e4 helposti arjessa taka-alalle&#8221;, Nousiainen sanoo.<\/p>\n\n\n\n<p>Nousiaisen biokaasulla kulkeva rekka on yksi harvoista Suomessa. Raskaassa puutavarakuljetuksessa biokaasun k\u00e4ytt\u00f6 on viel\u00e4 harvinaista, mutta tekniikka tarjoaa merkitt\u00e4vi\u00e4 ymp\u00e4rist\u00f6hy\u00f6tyj\u00e4. Biokaasurekka tuottaa noin 90 prosenttia v\u00e4hemm\u00e4n hiilidioksidip\u00e4\u00e4st\u00f6j\u00e4 verrattuna dieselk\u00e4ytt\u00f6iseen kuorma-autoon.<\/p>\n\n\n\n<p>Ulkoisesti eroa ei juuri huomaa, mutta rekka on Nousiaisen mukaan ajossa hieman hiljaisempi kuin dieselk\u00e4ytt\u00f6iset kilpailijansa. My\u00f6s kuljettajilta kantautuneet ajokokemukset ovat olleet my\u00f6nteisi\u00e4.<\/p>\n\n\n\n<p>Biokaasurekan tuominen Finlandia-talon edustalle on ensimm\u00e4inen kerta laatuaan. Sijainti aivan Helsingin ytimess\u00e4 tarjoaa ohikulkijoille mahdollisuuden pys\u00e4hty\u00e4 ja pohtia metsien merkityst\u00e4 uudesta n\u00e4k\u00f6kulmasta. Tavoitteena on lis\u00e4t\u00e4 tietoisuutta metsien kasvusta, puun kest\u00e4v\u00e4st\u00e4 k\u00e4yt\u00f6st\u00e4 sek\u00e4 uusiutuvien polttoaineiden mahdollisuuksista my\u00f6s raskaassa liikenteess\u00e4.<\/p>\n\n\n\n<figure class=\"wp-block-image size-large\"><img loading=\"lazy\" decoding=\"async\" width=\"1024\" height=\"683\" src=\"https:\/\/smy.fi\/metsapaivat\/wp-content\/uploads\/sites\/2\/2025\/10\/Antti_Nousiainen-1024x683.jpg\" alt=\"\" class=\"wp-image-3518\" srcset=\"https:\/\/smy.fi\/metsapaivat\/wp-content\/uploads\/sites\/2\/2025\/10\/Antti_Nousiainen-1024x683.jpg 1024w, https:\/\/smy.fi\/metsapaivat\/wp-content\/uploads\/sites\/2\/2025\/10\/Antti_Nousiainen-920x613.jpg 920w, https:\/\/smy.fi\/metsapaivat\/wp-content\/uploads\/sites\/2\/2025\/10\/Antti_Nousiainen-600x400.jpg 600w, https:\/\/smy.fi\/metsapaivat\/wp-content\/uploads\/sites\/2\/2025\/10\/Antti_Nousiainen-768x512.jpg 768w, https:\/\/smy.fi\/metsapaivat\/wp-content\/uploads\/sites\/2\/2025\/10\/Antti_Nousiainen.jpg 1200w\" sizes=\"auto, (max-width: 1024px) 100vw, 1024px\" \/><figcaption class=\"wp-element-caption\">&#8221;T\u00e4m\u00e4 ei ole vain rekka. Biokaasurekka symboloi my\u00f6s kest\u00e4v\u00e4\u00e4 kuljetusta ja mets\u00e4talouden vastuullisuutta&#8221;, sanoi kuljetusliikkeen toimitusjohtaja <strong>Antti Nousiainen<\/strong> parkkeeratessaan autoa Finlandia-talon eteen.<\/figcaption><\/figure>\n\n\n\n<h2 class=\"wp-block-heading\">Mets\u00e4p\u00e4iv\u00e4t t\u00e4ytt\u00e4\u00e4 100 vuotta<\/h2>\n\n\n\n<p>Mets\u00e4p\u00e4iv\u00e4t on mets\u00e4alan valtakunnallinen ammatilaistapahtuma, johon kokoonnutaan kuulemaan ja keskustelemaan alan ajankohtaisista teemoista. Vuoden 2025 Mets\u00e4p\u00e4iv\u00e4t j\u00e4rjestet\u00e4\u00e4n 22.\u201323.10. Finlandia-talossa juhlistaen tapahtuman 100-vuotista historiaa. Sen juuret ulottuvat vuoteen 1925.<\/p>\n\n\n\n<p><strong>Tapahtuma alkaa t\u00e4n\u00e4\u00e4n 22.10. klo 12.30 Finlandia-salissa<\/strong> Suomen Pankin p\u00e4\u00e4johtajan <strong>Olli Rehnin <\/strong>juhlapuheella. Ohjelmassa kuullaan kahden p\u00e4iv\u00e4n aikana yli 70 puheenvuoroa muun muassa mets\u00e4biotaloudesta, ennallistamisesta, digiratkaisuista ja EU-politiikan vaikutuksista metsien k\u00e4ytt\u00f6\u00f6n.<\/p>\n\n\n\n<p>Keskiviikon keynote-puhuja on Iso-Britannian suurl\u00e4hettil\u00e4s <strong>Laura Davies<\/strong>. Torstaina tapahtuma p\u00e4\u00e4ttyy teknologiavaikuttaja <strong>Maria Ritolan<\/strong> esiintymiseen.<\/p>\n\n\n\n<p>Mets\u00e4p\u00e4iv\u00e4t j\u00e4rjest\u00e4v\u00e4n Suomen Mets\u00e4yhdistyksen toiminnanjohtaja <strong>Kirsi Joensuu<\/strong> toivoo biokaasurekkatempauksen tuovan mets\u00e4alan l\u00e4hemm\u00e4s suomalaisten arkea \u2013 kirjaimellisesti.<\/p>\n\n\n\n<p>\u201dKun puulasti seisoo keskell\u00e4 kaupunkia, se her\u00e4tt\u00e4\u00e4 kysymyksi\u00e4 ja keskustelua. Se on tapa kertoa, ett\u00e4 Suomessa mets\u00e4 jatkuvasti kasvaa, ja sit\u00e4 hoidetaan ja hy\u00f6dynnet\u00e4\u00e4n vastuullisesti\u201d, Joensuu sanoo.<\/p>\n\n\n\n<p>\u201dMutta Suomen mets\u00e4t eiv\u00e4t vain kasva \u2013 ne kasvattavat my\u00f6s hyvinvointia, ty\u00f6llisyytt\u00e4, energiaomavaraisuutta ja ilmastokest\u00e4vyytt\u00e4. Mets\u00e4 on suomalaisille enemm\u00e4n kuin raaka-aine: se on osa identiteetti\u00e4, arkea ja tulevaisuutta.\u201d<\/p>\n\n\n\n<p>Lis\u00e4tietoa<\/p>\n\n\n\n<p>Anna Kauppi, viestint\u00e4p\u00e4\u00e4llikk\u00f6, Suomen Mets\u00e4yhdistys, <a href=\"mailto:anna.kauppi@smy.fi\">anna.kauppi@smy.fi<\/a>, p. 0400702102<\/p>\n","protected":false},"excerpt":{"rendered":"<p>Finlandia-talon edess\u00e4 p\u00e4\u00e4si Mets\u00e4p\u00e4ivill\u00e4 2025 tutustumaan biokaasurekkaan, jonka kyydiss\u00e4 oli 18 kuutiometri\u00e4 kotimaista puuta. Kuorma symboloi m\u00e4\u00e4r\u00e4\u00e4, joka vastaa yhden suomalaisen osuutta metsien vuotuisesta kasvusta. SKAL Mets\u00e4 ry:n ja Suomen Mets\u00e4yhdistyksen rekkatempaus oli osa Finlandia-talossa vietett\u00e4vi\u00e4 valtakunnallisia Mets\u00e4p\u00e4ivi\u00e4. Kuljetusliikkeen toimitusjohtaja Antti Nousiainen l\u00e4hti heti mukaan ideaan, jolla Mets\u00e4p\u00e4iv\u00e4t halusi tehd\u00e4 mets\u00e4alan ja metsien kasvun merkityksen&#8230;<\/p>\n","protected":false},"author":9,"featured_media":3519,"comment_status":"closed","ping_status":"closed","sticky":false,"template":"","format":"standard","meta":{"_acf_changed":false,"footnotes":""},"categories":[4],"tags":[],"class_list":["post-3517","post","type-post","status-publish","format-standard","has-post-thumbnail","hentry","category-ajankohtaista"],"acf":[],"yoast_head":"<!-- This site is optimized with the Yoast SEO plugin v27.0 - https:\/\/yoast.com\/product\/yoast-seo-wordpress\/ -->\n<title>Biokaasurekka parkkeerasi Finlandia-talon eteen \u2013 kuorma havainnollistaa metsien kasvua - Mets\u00e4p\u00e4iv\u00e4t<\/title>\n<meta name=\"robots\" content=\"index, follow, max-snippet:-1, max-image-preview:large, max-video-preview:-1\" \/>\n<link rel=\"canonical\" href=\"https:\/\/smy.fi\/metsapaivat\/biokaasurekka-parkkeerasi-finlandia-talon-eteen-kuorma-havainnollistaa-metsien-kasvua\/\" \/>\n<meta property=\"og:locale\" content=\"fi_FI\" \/>\n<meta property=\"og:type\" content=\"article\" \/>\n<meta property=\"og:title\" content=\"Biokaasurekka parkkeerasi Finlandia-talon eteen \u2013 kuorma havainnollistaa metsien kasvua - Mets\u00e4p\u00e4iv\u00e4t\" \/>\n<meta property=\"og:description\" content=\"Finlandia-talon edess\u00e4 p\u00e4\u00e4si Mets\u00e4p\u00e4ivill\u00e4 2025 tutustumaan biokaasurekkaan, jonka kyydiss\u00e4 oli 18 kuutiometri\u00e4 kotimaista puuta. Kuorma symboloi m\u00e4\u00e4r\u00e4\u00e4, joka vastaa yhden suomalaisen osuutta metsien vuotuisesta kasvusta. SKAL Mets\u00e4 ry:n ja Suomen Mets\u00e4yhdistyksen rekkatempaus oli osa Finlandia-talossa vietett\u00e4vi\u00e4 valtakunnallisia Mets\u00e4p\u00e4ivi\u00e4. Kuljetusliikkeen toimitusjohtaja Antti Nousiainen l\u00e4hti heti mukaan ideaan, jolla Mets\u00e4p\u00e4iv\u00e4t halusi tehd\u00e4 mets\u00e4alan ja metsien kasvun merkityksen...\" \/>\n<meta property=\"og:url\" content=\"https:\/\/smy.fi\/metsapaivat\/biokaasurekka-parkkeerasi-finlandia-talon-eteen-kuorma-havainnollistaa-metsien-kasvua\/\" \/>\n<meta property=\"og:site_name\" content=\"Mets\u00e4p\u00e4iv\u00e4t\" \/>\n<meta property=\"article:published_time\" content=\"2025-10-22T08:51:48+00:00\" \/>\n<meta property=\"article:modified_time\" content=\"2025-10-28T19:32:02+00:00\" \/>\n<meta property=\"og:image\" content=\"https:\/\/smy.fi\/metsapaivat\/wp-content\/uploads\/sites\/2\/2025\/10\/Biokaasurekka.jpg\" \/>\n\t<meta property=\"og:image:width\" content=\"1200\" \/>\n\t<meta property=\"og:image:height\" content=\"800\" \/>\n\t<meta property=\"og:image:type\" content=\"image\/jpeg\" \/>\n<meta name=\"author\" content=\"Anna Kauppi\" \/>\n<meta name=\"twitter:card\" content=\"summary_large_image\" \/>\n<meta name=\"twitter:label1\" content=\"Written by\" \/>\n\t<meta name=\"twitter:data1\" content=\"Anna Kauppi\" \/>\n\t<meta name=\"twitter:label2\" content=\"Est. reading time\" \/>\n\t<meta name=\"twitter:data2\" content=\"3 minuuttia\" \/>\n<script type=\"application\/ld+json\" class=\"yoast-schema-graph\">{\"@context\":\"https:\/\/schema.org\",\"@graph\":[{\"@type\":\"Article\",\"@id\":\"https:\/\/smy.fi\/metsapaivat\/biokaasurekka-parkkeerasi-finlandia-talon-eteen-kuorma-havainnollistaa-metsien-kasvua\/#article\",\"isPartOf\":{\"@id\":\"https:\/\/smy.fi\/metsapaivat\/biokaasurekka-parkkeerasi-finlandia-talon-eteen-kuorma-havainnollistaa-metsien-kasvua\/\"},\"author\":{\"name\":\"Anna Kauppi\",\"@id\":\"https:\/\/smy.fi\/metsapaivat\/#\/schema\/person\/ce08d15b8bd64911859723e23acca625\"},\"headline\":\"Biokaasurekka parkkeerasi Finlandia-talon eteen \u2013 kuorma havainnollistaa metsien kasvua\",\"datePublished\":\"2025-10-22T08:51:48+00:00\",\"dateModified\":\"2025-10-28T19:32:02+00:00\",\"mainEntityOfPage\":{\"@id\":\"https:\/\/smy.fi\/metsapaivat\/biokaasurekka-parkkeerasi-finlandia-talon-eteen-kuorma-havainnollistaa-metsien-kasvua\/\"},\"wordCount\":459,\"image\":{\"@id\":\"https:\/\/smy.fi\/metsapaivat\/biokaasurekka-parkkeerasi-finlandia-talon-eteen-kuorma-havainnollistaa-metsien-kasvua\/#primaryimage\"},\"thumbnailUrl\":\"https:\/\/smy.fi\/metsapaivat\/wp-content\/uploads\/sites\/2\/2025\/10\/Biokaasurekka.jpg\",\"articleSection\":[\"Ajankohtaista\"],\"inLanguage\":\"fi\"},{\"@type\":\"WebPage\",\"@id\":\"https:\/\/smy.fi\/metsapaivat\/biokaasurekka-parkkeerasi-finlandia-talon-eteen-kuorma-havainnollistaa-metsien-kasvua\/\",\"url\":\"https:\/\/smy.fi\/metsapaivat\/biokaasurekka-parkkeerasi-finlandia-talon-eteen-kuorma-havainnollistaa-metsien-kasvua\/\",\"name\":\"Biokaasurekka parkkeerasi Finlandia-talon eteen \u2013 kuorma havainnollistaa metsien kasvua - Mets\u00e4p\u00e4iv\u00e4t\",\"isPartOf\":{\"@id\":\"https:\/\/smy.fi\/metsapaivat\/#website\"},\"primaryImageOfPage\":{\"@id\":\"https:\/\/smy.fi\/metsapaivat\/biokaasurekka-parkkeerasi-finlandia-talon-eteen-kuorma-havainnollistaa-metsien-kasvua\/#primaryimage\"},\"image\":{\"@id\":\"https:\/\/smy.fi\/metsapaivat\/biokaasurekka-parkkeerasi-finlandia-talon-eteen-kuorma-havainnollistaa-metsien-kasvua\/#primaryimage\"},\"thumbnailUrl\":\"https:\/\/smy.fi\/metsapaivat\/wp-content\/uploads\/sites\/2\/2025\/10\/Biokaasurekka.jpg\",\"datePublished\":\"2025-10-22T08:51:48+00:00\",\"dateModified\":\"2025-10-28T19:32:02+00:00\",\"author\":{\"@id\":\"https:\/\/smy.fi\/metsapaivat\/#\/schema\/person\/ce08d15b8bd64911859723e23acca625\"},\"breadcrumb\":{\"@id\":\"https:\/\/smy.fi\/metsapaivat\/biokaasurekka-parkkeerasi-finlandia-talon-eteen-kuorma-havainnollistaa-metsien-kasvua\/#breadcrumb\"},\"inLanguage\":\"fi\",\"potentialAction\":[{\"@type\":\"ReadAction\",\"target\":[\"https:\/\/smy.fi\/metsapaivat\/biokaasurekka-parkkeerasi-finlandia-talon-eteen-kuorma-havainnollistaa-metsien-kasvua\/\"]}]},{\"@type\":\"ImageObject\",\"inLanguage\":\"fi\",\"@id\":\"https:\/\/smy.fi\/metsapaivat\/biokaasurekka-parkkeerasi-finlandia-talon-eteen-kuorma-havainnollistaa-metsien-kasvua\/#primaryimage\",\"url\":\"https:\/\/smy.fi\/metsapaivat\/wp-content\/uploads\/sites\/2\/2025\/10\/Biokaasurekka.jpg\",\"contentUrl\":\"https:\/\/smy.fi\/metsapaivat\/wp-content\/uploads\/sites\/2\/2025\/10\/Biokaasurekka.jpg\",\"width\":1200,\"height\":800},{\"@type\":\"BreadcrumbList\",\"@id\":\"https:\/\/smy.fi\/metsapaivat\/biokaasurekka-parkkeerasi-finlandia-talon-eteen-kuorma-havainnollistaa-metsien-kasvua\/#breadcrumb\",\"itemListElement\":[{\"@type\":\"ListItem\",\"position\":1,\"name\":\"Home\",\"item\":\"https:\/\/smy.fi\/metsapaivat\/\"},{\"@type\":\"ListItem\",\"position\":2,\"name\":\"Biokaasurekka parkkeerasi Finlandia-talon eteen \u2013 kuorma havainnollistaa metsien kasvua\"}]},{\"@type\":\"WebSite\",\"@id\":\"https:\/\/smy.fi\/metsapaivat\/#website\",\"url\":\"https:\/\/smy.fi\/metsapaivat\/\",\"name\":\"Mets\u00e4p\u00e4iv\u00e4t\",\"description\":\"Uusi SMY Sites -sivusto\",\"potentialAction\":[{\"@type\":\"SearchAction\",\"target\":{\"@type\":\"EntryPoint\",\"urlTemplate\":\"https:\/\/smy.fi\/metsapaivat\/?s={search_term_string}\"},\"query-input\":{\"@type\":\"PropertyValueSpecification\",\"valueRequired\":true,\"valueName\":\"search_term_string\"}}],\"inLanguage\":\"fi\"},{\"@type\":\"Person\",\"@id\":\"https:\/\/smy.fi\/metsapaivat\/#\/schema\/person\/ce08d15b8bd64911859723e23acca625\",\"name\":\"Anna Kauppi\",\"url\":\"https:\/\/smy.fi\/metsapaivat\/author\/annakauppi\/\"}]}<\/script>\n<!-- \/ Yoast SEO plugin. -->","yoast_head_json":{"title":"Biokaasurekka parkkeerasi Finlandia-talon eteen \u2013 kuorma havainnollistaa metsien kasvua - Mets\u00e4p\u00e4iv\u00e4t","robots":{"index":"index","follow":"follow","max-snippet":"max-snippet:-1","max-image-preview":"max-image-preview:large","max-video-preview":"max-video-preview:-1"},"canonical":"https:\/\/smy.fi\/metsapaivat\/biokaasurekka-parkkeerasi-finlandia-talon-eteen-kuorma-havainnollistaa-metsien-kasvua\/","og_locale":"fi_FI","og_type":"article","og_title":"Biokaasurekka parkkeerasi Finlandia-talon eteen \u2013 kuorma havainnollistaa metsien kasvua - Mets\u00e4p\u00e4iv\u00e4t","og_description":"Finlandia-talon edess\u00e4 p\u00e4\u00e4si Mets\u00e4p\u00e4ivill\u00e4 2025 tutustumaan biokaasurekkaan, jonka kyydiss\u00e4 oli 18 kuutiometri\u00e4 kotimaista puuta. Kuorma symboloi m\u00e4\u00e4r\u00e4\u00e4, joka vastaa yhden suomalaisen osuutta metsien vuotuisesta kasvusta. SKAL Mets\u00e4 ry:n ja Suomen Mets\u00e4yhdistyksen rekkatempaus oli osa Finlandia-talossa vietett\u00e4vi\u00e4 valtakunnallisia Mets\u00e4p\u00e4ivi\u00e4. Kuljetusliikkeen toimitusjohtaja Antti Nousiainen l\u00e4hti heti mukaan ideaan, jolla Mets\u00e4p\u00e4iv\u00e4t halusi tehd\u00e4 mets\u00e4alan ja metsien kasvun merkityksen...","og_url":"https:\/\/smy.fi\/metsapaivat\/biokaasurekka-parkkeerasi-finlandia-talon-eteen-kuorma-havainnollistaa-metsien-kasvua\/","og_site_name":"Mets\u00e4p\u00e4iv\u00e4t","article_published_time":"2025-10-22T08:51:48+00:00","article_modified_time":"2025-10-28T19:32:02+00:00","og_image":[{"width":1200,"height":800,"url":"https:\/\/smy.fi\/metsapaivat\/wp-content\/uploads\/sites\/2\/2025\/10\/Biokaasurekka.jpg","type":"image\/jpeg"}],"author":"Anna Kauppi","twitter_card":"summary_large_image","twitter_misc":{"Written by":"Anna Kauppi","Est. reading time":"3 minuuttia"},"schema":{"@context":"https:\/\/schema.org","@graph":[{"@type":"Article","@id":"https:\/\/smy.fi\/metsapaivat\/biokaasurekka-parkkeerasi-finlandia-talon-eteen-kuorma-havainnollistaa-metsien-kasvua\/#article","isPartOf":{"@id":"https:\/\/smy.fi\/metsapaivat\/biokaasurekka-parkkeerasi-finlandia-talon-eteen-kuorma-havainnollistaa-metsien-kasvua\/"},"author":{"name":"Anna Kauppi","@id":"https:\/\/smy.fi\/metsapaivat\/#\/schema\/person\/ce08d15b8bd64911859723e23acca625"},"headline":"Biokaasurekka parkkeerasi Finlandia-talon eteen \u2013 kuorma havainnollistaa metsien kasvua","datePublished":"2025-10-22T08:51:48+00:00","dateModified":"2025-10-28T19:32:02+00:00","mainEntityOfPage":{"@id":"https:\/\/smy.fi\/metsapaivat\/biokaasurekka-parkkeerasi-finlandia-talon-eteen-kuorma-havainnollistaa-metsien-kasvua\/"},"wordCount":459,"image":{"@id":"https:\/\/smy.fi\/metsapaivat\/biokaasurekka-parkkeerasi-finlandia-talon-eteen-kuorma-havainnollistaa-metsien-kasvua\/#primaryimage"},"thumbnailUrl":"https:\/\/smy.fi\/metsapaivat\/wp-content\/uploads\/sites\/2\/2025\/10\/Biokaasurekka.jpg","articleSection":["Ajankohtaista"],"inLanguage":"fi"},{"@type":"WebPage","@id":"https:\/\/smy.fi\/metsapaivat\/biokaasurekka-parkkeerasi-finlandia-talon-eteen-kuorma-havainnollistaa-metsien-kasvua\/","url":"https:\/\/smy.fi\/metsapaivat\/biokaasurekka-parkkeerasi-finlandia-talon-eteen-kuorma-havainnollistaa-metsien-kasvua\/","name":"Biokaasurekka parkkeerasi Finlandia-talon eteen \u2013 kuorma havainnollistaa metsien kasvua - Mets\u00e4p\u00e4iv\u00e4t","isPartOf":{"@id":"https:\/\/smy.fi\/metsapaivat\/#website"},"primaryImageOfPage":{"@id":"https:\/\/smy.fi\/metsapaivat\/biokaasurekka-parkkeerasi-finlandia-talon-eteen-kuorma-havainnollistaa-metsien-kasvua\/#primaryimage"},"image":{"@id":"https:\/\/smy.fi\/metsapaivat\/biokaasurekka-parkkeerasi-finlandia-talon-eteen-kuorma-havainnollistaa-metsien-kasvua\/#primaryimage"},"thumbnailUrl":"https:\/\/smy.fi\/metsapaivat\/wp-content\/uploads\/sites\/2\/2025\/10\/Biokaasurekka.jpg","datePublished":"2025-10-22T08:51:48+00:00","dateModified":"2025-10-28T19:32:02+00:00","author":{"@id":"https:\/\/smy.fi\/metsapaivat\/#\/schema\/person\/ce08d15b8bd64911859723e23acca625"},"breadcrumb":{"@id":"https:\/\/smy.fi\/metsapaivat\/biokaasurekka-parkkeerasi-finlandia-talon-eteen-kuorma-havainnollistaa-metsien-kasvua\/#breadcrumb"},"inLanguage":"fi","potentialAction":[{"@type":"ReadAction","target":["https:\/\/smy.fi\/metsapaivat\/biokaasurekka-parkkeerasi-finlandia-talon-eteen-kuorma-havainnollistaa-metsien-kasvua\/"]}]},{"@type":"ImageObject","inLanguage":"fi","@id":"https:\/\/smy.fi\/metsapaivat\/biokaasurekka-parkkeerasi-finlandia-talon-eteen-kuorma-havainnollistaa-metsien-kasvua\/#primaryimage","url":"https:\/\/smy.fi\/metsapaivat\/wp-content\/uploads\/sites\/2\/2025\/10\/Biokaasurekka.jpg","contentUrl":"https:\/\/smy.fi\/metsapaivat\/wp-content\/uploads\/sites\/2\/2025\/10\/Biokaasurekka.jpg","width":1200,"height":800},{"@type":"BreadcrumbList","@id":"https:\/\/smy.fi\/metsapaivat\/biokaasurekka-parkkeerasi-finlandia-talon-eteen-kuorma-havainnollistaa-metsien-kasvua\/#breadcrumb","itemListElement":[{"@type":"ListItem","position":1,"name":"Home","item":"https:\/\/smy.fi\/metsapaivat\/"},{"@type":"ListItem","position":2,"name":"Biokaasurekka parkkeerasi Finlandia-talon eteen \u2013 kuorma havainnollistaa metsien kasvua"}]},{"@type":"WebSite","@id":"https:\/\/smy.fi\/metsapaivat\/#website","url":"https:\/\/smy.fi\/metsapaivat\/","name":"Mets\u00e4p\u00e4iv\u00e4t","description":"Uusi SMY Sites -sivusto","potentialAction":[{"@type":"SearchAction","target":{"@type":"EntryPoint","urlTemplate":"https:\/\/smy.fi\/metsapaivat\/?s={search_term_string}"},"query-input":{"@type":"PropertyValueSpecification","valueRequired":true,"valueName":"search_term_string"}}],"inLanguage":"fi"},{"@type":"Person","@id":"https:\/\/smy.fi\/metsapaivat\/#\/schema\/person\/ce08d15b8bd64911859723e23acca625","name":"Anna Kauppi","url":"https:\/\/smy.fi\/metsapaivat\/author\/annakauppi\/"}]}},"_links":{"self":[{"href":"https:\/\/smy.fi\/metsapaivat\/wp-json\/wp\/v2\/posts\/3517","targetHints":{"allow":["GET"]}}],"collection":[{"href":"https:\/\/smy.fi\/metsapaivat\/wp-json\/wp\/v2\/posts"}],"about":[{"href":"https:\/\/smy.fi\/metsapaivat\/wp-json\/wp\/v2\/types\/post"}],"author":[{"embeddable":true,"href":"https:\/\/smy.fi\/metsapaivat\/wp-json\/wp\/v2\/users\/9"}],"replies":[{"embeddable":true,"href":"https:\/\/smy.fi\/metsapaivat\/wp-json\/wp\/v2\/comments?post=3517"}],"version-history":[{"count":0,"href":"https:\/\/smy.fi\/metsapaivat\/wp-json\/wp\/v2\/posts\/3517\/revisions"}],"wp:featuredmedia":[{"embeddable":true,"href":"https:\/\/smy.fi\/metsapaivat\/wp-json\/wp\/v2\/media\/3519"}],"wp:attachment":[{"href":"https:\/\/smy.fi\/metsapaivat\/wp-json\/wp\/v2\/media?parent=3517"}],"wp:term":[{"taxonomy":"category","embeddable":true,"href":"https:\/\/smy.fi\/metsapaivat\/wp-json\/wp\/v2\/categories?post=3517"},{"taxonomy":"post_tag","embeddable":true,"href":"https:\/\/smy.fi\/metsapaivat\/wp-json\/wp\/v2\/tags?post=3517"}],"curies":[{"name":"wp","href":"https:\/\/api.w.org\/{rel}","templated":true}]}}