{"id":3700,"date":"2026-03-18T12:23:09","date_gmt":"2026-03-18T10:23:09","guid":{"rendered":"https:\/\/smy.fi\/metsapaivat\/?p=3700"},"modified":"2026-03-25T16:14:05","modified_gmt":"2026-03-25T14:14:05","slug":"metsapaivien-2026-torstaipaivan-keynote-on-nayttelija-outi-maenpaa","status":"publish","type":"post","link":"https:\/\/smy.fi\/metsapaivat\/metsapaivien-2026-torstaipaivan-keynote-on-nayttelija-outi-maenpaa\/","title":{"rendered":"Mets\u00e4p\u00e4ivien 2026 torstaip\u00e4iv\u00e4n keynote on n\u00e4yttelij\u00e4 Outi M\u00e4enp\u00e4\u00e4"},"content":{"rendered":"\n<p class=\"is-style-lead-text\">Miten jokaisella yrityksell\u00e4 on mahdollisuus menestystarinaan? Miten ty\u00f6yhteis\u00f6\u00f6n muodostetaan huipputiimej\u00e4? Ent\u00e4 mit\u00e4 rakentavalla vuorovaikutuksella on tekemist\u00e4 t\u00e4m\u00e4n kanssa?<\/p>\n\n\n\n<p>Outi M\u00e4enp\u00e4\u00e4 on teatteritaiteen maisteri ja n\u00e4yttelij\u00e4, joka tunnetaan my\u00f6s mukaansatempaavista ja ajatuksia her\u00e4ttelevist\u00e4 ty\u00f6hyvinvoinnin valmennuksistaan. H\u00e4n on kouluttanut rakentavaa vuorovaikutusta ja statusviestint\u00e4\u00e4 yli 30 vuotta yrityksiss\u00e4 ja yhteis\u00f6iss\u00e4.<\/p>\n\n\n\n<p>Mets\u00e4p\u00e4ivill\u00e4 M\u00e4enp\u00e4\u00e4 nousee lavalle torstain lavaohjelman p\u00e4\u00e4tteeksi teemalla vuorovaikutus ja voimavarat, joilla luodaan huipputiimej\u00e4 ja menestystarinoita.<\/p>\n\n\n\n<p>Yksi avain huipputiimiin on psykologinen turvallisuus. <\/p>\n\n\n\n<p>\u201dHuipputiimej\u00e4 yhdist\u00e4\u00e4 kolme asiaa. Siell\u00e4 yksil\u00f6t ovat turvassa, siell\u00e4 on voimakas johonkin kuulumisen tunne, ja siell\u00e4 sovittujen rajojen sis\u00e4ll\u00e4 ty\u00f6ntekij\u00e4ll\u00e4 on suuri itsem\u00e4\u00e4r\u00e4\u00e4misoikeus\u201d, M\u00e4enp\u00e4\u00e4 toteaa.<\/p>\n\n\n\n<p><\/p>\n","protected":false},"excerpt":{"rendered":"<p>Miten jokaisella yrityksell\u00e4 on mahdollisuus menestystarinaan? Miten ty\u00f6yhteis\u00f6\u00f6n muodostetaan huipputiimej\u00e4? Ent\u00e4 mit\u00e4 rakentavalla vuorovaikutuksella on tekemist\u00e4 t\u00e4m\u00e4n kanssa? Outi M\u00e4enp\u00e4\u00e4 on teatteritaiteen maisteri ja n\u00e4yttelij\u00e4, joka tunnetaan my\u00f6s mukaansatempaavista ja ajatuksia her\u00e4ttelevist\u00e4 ty\u00f6hyvinvoinnin valmennuksistaan. H\u00e4n on kouluttanut rakentavaa vuorovaikutusta ja statusviestint\u00e4\u00e4 yli 30 vuotta yrityksiss\u00e4 ja yhteis\u00f6iss\u00e4. Mets\u00e4p\u00e4ivill\u00e4 M\u00e4enp\u00e4\u00e4 nousee lavalle torstain lavaohjelman p\u00e4\u00e4tteeksi teemalla&#8230;<\/p>\n","protected":false},"author":12,"featured_media":3702,"comment_status":"closed","ping_status":"closed","sticky":false,"template":"","format":"standard","meta":{"_acf_changed":false,"footnotes":""},"categories":[4],"tags":[],"class_list":["post-3700","post","type-post","status-publish","format-standard","has-post-thumbnail","hentry","category-ajankohtaista"],"acf":[],"yoast_head":"<!-- This site is optimized with the Yoast SEO plugin v27.0 - https:\/\/yoast.com\/product\/yoast-seo-wordpress\/ -->\n<title>Mets\u00e4p\u00e4ivien 2026 torstaip\u00e4iv\u00e4n keynote on n\u00e4yttelij\u00e4 Outi M\u00e4enp\u00e4\u00e4 - Mets\u00e4p\u00e4iv\u00e4t<\/title>\n<meta name=\"description\" content=\"Mets\u00e4p\u00e4ivien 2026 torstaip\u00e4iv\u00e4n keynote-puhujana on n\u00e4yttelij\u00e4, kouluttaja Outi M\u00e4enp\u00e4\u00e4, joka avaa puheenvuorossaan kuinka jokaisella yrityksell\u00e4 on mahdollisuus menestystarinaan.\" \/>\n<meta name=\"robots\" content=\"index, follow, max-snippet:-1, max-image-preview:large, max-video-preview:-1\" \/>\n<link rel=\"canonical\" href=\"https:\/\/smy.fi\/metsapaivat\/metsapaivien-2026-torstaipaivan-keynote-on-nayttelija-outi-maenpaa\/\" \/>\n<meta property=\"og:locale\" content=\"fi_FI\" \/>\n<meta property=\"og:type\" content=\"article\" \/>\n<meta property=\"og:title\" content=\"Mets\u00e4p\u00e4ivien 2026 torstaip\u00e4iv\u00e4n keynote on n\u00e4yttelij\u00e4 Outi M\u00e4enp\u00e4\u00e4 - Mets\u00e4p\u00e4iv\u00e4t\" \/>\n<meta property=\"og:description\" content=\"Mets\u00e4p\u00e4ivien 2026 torstaip\u00e4iv\u00e4n keynote-puhujana on n\u00e4yttelij\u00e4, kouluttaja Outi M\u00e4enp\u00e4\u00e4, joka avaa puheenvuorossaan kuinka jokaisella yrityksell\u00e4 on mahdollisuus menestystarinaan.\" \/>\n<meta property=\"og:url\" content=\"https:\/\/smy.fi\/metsapaivat\/metsapaivien-2026-torstaipaivan-keynote-on-nayttelija-outi-maenpaa\/\" \/>\n<meta property=\"og:site_name\" content=\"Mets\u00e4p\u00e4iv\u00e4t\" \/>\n<meta property=\"article:published_time\" content=\"2026-03-18T10:23:09+00:00\" \/>\n<meta property=\"article:modified_time\" content=\"2026-03-25T14:14:05+00:00\" \/>\n<meta property=\"og:image\" content=\"https:\/\/smy.fi\/metsapaivat\/wp-content\/uploads\/sites\/2\/2026\/03\/OutiMaenpaa_netti_vaaka.jpg\" \/>\n\t<meta property=\"og:image:width\" content=\"1033\" \/>\n\t<meta property=\"og:image:height\" content=\"690\" \/>\n\t<meta property=\"og:image:type\" content=\"image\/jpeg\" \/>\n<meta name=\"author\" content=\"Kaarina Aro\" \/>\n<meta name=\"twitter:card\" content=\"summary_large_image\" \/>\n<meta name=\"twitter:label1\" content=\"Written by\" \/>\n\t<meta name=\"twitter:data1\" content=\"Kaarina Aro\" \/>\n\t<meta name=\"twitter:label2\" content=\"Est. reading time\" \/>\n\t<meta name=\"twitter:data2\" content=\"1 minuutti\" \/>\n<script type=\"application\/ld+json\" class=\"yoast-schema-graph\">{\"@context\":\"https:\/\/schema.org\",\"@graph\":[{\"@type\":\"Article\",\"@id\":\"https:\/\/smy.fi\/metsapaivat\/metsapaivien-2026-torstaipaivan-keynote-on-nayttelija-outi-maenpaa\/#article\",\"isPartOf\":{\"@id\":\"https:\/\/smy.fi\/metsapaivat\/metsapaivien-2026-torstaipaivan-keynote-on-nayttelija-outi-maenpaa\/\"},\"author\":{\"name\":\"Kaarina Aro\",\"@id\":\"https:\/\/smy.fi\/metsapaivat\/#\/schema\/person\/84b8bd9315c19a74ea853da33b2afc90\"},\"headline\":\"Mets\u00e4p\u00e4ivien 2026 torstaip\u00e4iv\u00e4n keynote on n\u00e4yttelij\u00e4 Outi M\u00e4enp\u00e4\u00e4\",\"datePublished\":\"2026-03-18T10:23:09+00:00\",\"dateModified\":\"2026-03-25T14:14:05+00:00\",\"mainEntityOfPage\":{\"@id\":\"https:\/\/smy.fi\/metsapaivat\/metsapaivien-2026-torstaipaivan-keynote-on-nayttelija-outi-maenpaa\/\"},\"wordCount\":128,\"image\":{\"@id\":\"https:\/\/smy.fi\/metsapaivat\/metsapaivien-2026-torstaipaivan-keynote-on-nayttelija-outi-maenpaa\/#primaryimage\"},\"thumbnailUrl\":\"https:\/\/smy.fi\/metsapaivat\/wp-content\/uploads\/sites\/2\/2026\/03\/OutiMaenpaa_netti_vaaka.jpg\",\"articleSection\":[\"Ajankohtaista\"],\"inLanguage\":\"fi\"},{\"@type\":\"WebPage\",\"@id\":\"https:\/\/smy.fi\/metsapaivat\/metsapaivien-2026-torstaipaivan-keynote-on-nayttelija-outi-maenpaa\/\",\"url\":\"https:\/\/smy.fi\/metsapaivat\/metsapaivien-2026-torstaipaivan-keynote-on-nayttelija-outi-maenpaa\/\",\"name\":\"Mets\u00e4p\u00e4ivien 2026 torstaip\u00e4iv\u00e4n keynote on n\u00e4yttelij\u00e4 Outi M\u00e4enp\u00e4\u00e4 - Mets\u00e4p\u00e4iv\u00e4t\",\"isPartOf\":{\"@id\":\"https:\/\/smy.fi\/metsapaivat\/#website\"},\"primaryImageOfPage\":{\"@id\":\"https:\/\/smy.fi\/metsapaivat\/metsapaivien-2026-torstaipaivan-keynote-on-nayttelija-outi-maenpaa\/#primaryimage\"},\"image\":{\"@id\":\"https:\/\/smy.fi\/metsapaivat\/metsapaivien-2026-torstaipaivan-keynote-on-nayttelija-outi-maenpaa\/#primaryimage\"},\"thumbnailUrl\":\"https:\/\/smy.fi\/metsapaivat\/wp-content\/uploads\/sites\/2\/2026\/03\/OutiMaenpaa_netti_vaaka.jpg\",\"datePublished\":\"2026-03-18T10:23:09+00:00\",\"dateModified\":\"2026-03-25T14:14:05+00:00\",\"author\":{\"@id\":\"https:\/\/smy.fi\/metsapaivat\/#\/schema\/person\/84b8bd9315c19a74ea853da33b2afc90\"},\"description\":\"Mets\u00e4p\u00e4ivien 2026 torstaip\u00e4iv\u00e4n keynote-puhujana on n\u00e4yttelij\u00e4, kouluttaja Outi M\u00e4enp\u00e4\u00e4, joka avaa puheenvuorossaan kuinka jokaisella yrityksell\u00e4 on mahdollisuus menestystarinaan.\",\"breadcrumb\":{\"@id\":\"https:\/\/smy.fi\/metsapaivat\/metsapaivien-2026-torstaipaivan-keynote-on-nayttelija-outi-maenpaa\/#breadcrumb\"},\"inLanguage\":\"fi\",\"potentialAction\":[{\"@type\":\"ReadAction\",\"target\":[\"https:\/\/smy.fi\/metsapaivat\/metsapaivien-2026-torstaipaivan-keynote-on-nayttelija-outi-maenpaa\/\"]}]},{\"@type\":\"ImageObject\",\"inLanguage\":\"fi\",\"@id\":\"https:\/\/smy.fi\/metsapaivat\/metsapaivien-2026-torstaipaivan-keynote-on-nayttelija-outi-maenpaa\/#primaryimage\",\"url\":\"https:\/\/smy.fi\/metsapaivat\/wp-content\/uploads\/sites\/2\/2026\/03\/OutiMaenpaa_netti_vaaka.jpg\",\"contentUrl\":\"https:\/\/smy.fi\/metsapaivat\/wp-content\/uploads\/sites\/2\/2026\/03\/OutiMaenpaa_netti_vaaka.jpg\",\"width\":1033,\"height\":690,\"caption\":\"Outi M\u00e4enp\u00e4\u00e4\"},{\"@type\":\"BreadcrumbList\",\"@id\":\"https:\/\/smy.fi\/metsapaivat\/metsapaivien-2026-torstaipaivan-keynote-on-nayttelija-outi-maenpaa\/#breadcrumb\",\"itemListElement\":[{\"@type\":\"ListItem\",\"position\":1,\"name\":\"Home\",\"item\":\"https:\/\/smy.fi\/metsapaivat\/\"},{\"@type\":\"ListItem\",\"position\":2,\"name\":\"Mets\u00e4p\u00e4ivien 2026 torstaip\u00e4iv\u00e4n keynote on n\u00e4yttelij\u00e4 Outi M\u00e4enp\u00e4\u00e4\"}]},{\"@type\":\"WebSite\",\"@id\":\"https:\/\/smy.fi\/metsapaivat\/#website\",\"url\":\"https:\/\/smy.fi\/metsapaivat\/\",\"name\":\"Mets\u00e4p\u00e4iv\u00e4t\",\"description\":\"Uusi SMY Sites -sivusto\",\"potentialAction\":[{\"@type\":\"SearchAction\",\"target\":{\"@type\":\"EntryPoint\",\"urlTemplate\":\"https:\/\/smy.fi\/metsapaivat\/?s={search_term_string}\"},\"query-input\":{\"@type\":\"PropertyValueSpecification\",\"valueRequired\":true,\"valueName\":\"search_term_string\"}}],\"inLanguage\":\"fi\"},{\"@type\":\"Person\",\"@id\":\"https:\/\/smy.fi\/metsapaivat\/#\/schema\/person\/84b8bd9315c19a74ea853da33b2afc90\",\"name\":\"Kaarina Aro\",\"url\":\"https:\/\/smy.fi\/metsapaivat\/author\/kaarina-aro\/\"}]}<\/script>\n<!-- \/ Yoast SEO plugin. -->","yoast_head_json":{"title":"Mets\u00e4p\u00e4ivien 2026 torstaip\u00e4iv\u00e4n keynote on n\u00e4yttelij\u00e4 Outi M\u00e4enp\u00e4\u00e4 - Mets\u00e4p\u00e4iv\u00e4t","description":"Mets\u00e4p\u00e4ivien 2026 torstaip\u00e4iv\u00e4n keynote-puhujana on n\u00e4yttelij\u00e4, kouluttaja Outi M\u00e4enp\u00e4\u00e4, joka avaa puheenvuorossaan kuinka jokaisella yrityksell\u00e4 on mahdollisuus menestystarinaan.","robots":{"index":"index","follow":"follow","max-snippet":"max-snippet:-1","max-image-preview":"max-image-preview:large","max-video-preview":"max-video-preview:-1"},"canonical":"https:\/\/smy.fi\/metsapaivat\/metsapaivien-2026-torstaipaivan-keynote-on-nayttelija-outi-maenpaa\/","og_locale":"fi_FI","og_type":"article","og_title":"Mets\u00e4p\u00e4ivien 2026 torstaip\u00e4iv\u00e4n keynote on n\u00e4yttelij\u00e4 Outi M\u00e4enp\u00e4\u00e4 - Mets\u00e4p\u00e4iv\u00e4t","og_description":"Mets\u00e4p\u00e4ivien 2026 torstaip\u00e4iv\u00e4n keynote-puhujana on n\u00e4yttelij\u00e4, kouluttaja Outi M\u00e4enp\u00e4\u00e4, joka avaa puheenvuorossaan kuinka jokaisella yrityksell\u00e4 on mahdollisuus menestystarinaan.","og_url":"https:\/\/smy.fi\/metsapaivat\/metsapaivien-2026-torstaipaivan-keynote-on-nayttelija-outi-maenpaa\/","og_site_name":"Mets\u00e4p\u00e4iv\u00e4t","article_published_time":"2026-03-18T10:23:09+00:00","article_modified_time":"2026-03-25T14:14:05+00:00","og_image":[{"width":1033,"height":690,"url":"https:\/\/smy.fi\/metsapaivat\/wp-content\/uploads\/sites\/2\/2026\/03\/OutiMaenpaa_netti_vaaka.jpg","type":"image\/jpeg"}],"author":"Kaarina Aro","twitter_card":"summary_large_image","twitter_misc":{"Written by":"Kaarina Aro","Est. reading time":"1 minuutti"},"schema":{"@context":"https:\/\/schema.org","@graph":[{"@type":"Article","@id":"https:\/\/smy.fi\/metsapaivat\/metsapaivien-2026-torstaipaivan-keynote-on-nayttelija-outi-maenpaa\/#article","isPartOf":{"@id":"https:\/\/smy.fi\/metsapaivat\/metsapaivien-2026-torstaipaivan-keynote-on-nayttelija-outi-maenpaa\/"},"author":{"name":"Kaarina Aro","@id":"https:\/\/smy.fi\/metsapaivat\/#\/schema\/person\/84b8bd9315c19a74ea853da33b2afc90"},"headline":"Mets\u00e4p\u00e4ivien 2026 torstaip\u00e4iv\u00e4n keynote on n\u00e4yttelij\u00e4 Outi M\u00e4enp\u00e4\u00e4","datePublished":"2026-03-18T10:23:09+00:00","dateModified":"2026-03-25T14:14:05+00:00","mainEntityOfPage":{"@id":"https:\/\/smy.fi\/metsapaivat\/metsapaivien-2026-torstaipaivan-keynote-on-nayttelija-outi-maenpaa\/"},"wordCount":128,"image":{"@id":"https:\/\/smy.fi\/metsapaivat\/metsapaivien-2026-torstaipaivan-keynote-on-nayttelija-outi-maenpaa\/#primaryimage"},"thumbnailUrl":"https:\/\/smy.fi\/metsapaivat\/wp-content\/uploads\/sites\/2\/2026\/03\/OutiMaenpaa_netti_vaaka.jpg","articleSection":["Ajankohtaista"],"inLanguage":"fi"},{"@type":"WebPage","@id":"https:\/\/smy.fi\/metsapaivat\/metsapaivien-2026-torstaipaivan-keynote-on-nayttelija-outi-maenpaa\/","url":"https:\/\/smy.fi\/metsapaivat\/metsapaivien-2026-torstaipaivan-keynote-on-nayttelija-outi-maenpaa\/","name":"Mets\u00e4p\u00e4ivien 2026 torstaip\u00e4iv\u00e4n keynote on n\u00e4yttelij\u00e4 Outi M\u00e4enp\u00e4\u00e4 - Mets\u00e4p\u00e4iv\u00e4t","isPartOf":{"@id":"https:\/\/smy.fi\/metsapaivat\/#website"},"primaryImageOfPage":{"@id":"https:\/\/smy.fi\/metsapaivat\/metsapaivien-2026-torstaipaivan-keynote-on-nayttelija-outi-maenpaa\/#primaryimage"},"image":{"@id":"https:\/\/smy.fi\/metsapaivat\/metsapaivien-2026-torstaipaivan-keynote-on-nayttelija-outi-maenpaa\/#primaryimage"},"thumbnailUrl":"https:\/\/smy.fi\/metsapaivat\/wp-content\/uploads\/sites\/2\/2026\/03\/OutiMaenpaa_netti_vaaka.jpg","datePublished":"2026-03-18T10:23:09+00:00","dateModified":"2026-03-25T14:14:05+00:00","author":{"@id":"https:\/\/smy.fi\/metsapaivat\/#\/schema\/person\/84b8bd9315c19a74ea853da33b2afc90"},"description":"Mets\u00e4p\u00e4ivien 2026 torstaip\u00e4iv\u00e4n keynote-puhujana on n\u00e4yttelij\u00e4, kouluttaja Outi M\u00e4enp\u00e4\u00e4, joka avaa puheenvuorossaan kuinka jokaisella yrityksell\u00e4 on mahdollisuus menestystarinaan.","breadcrumb":{"@id":"https:\/\/smy.fi\/metsapaivat\/metsapaivien-2026-torstaipaivan-keynote-on-nayttelija-outi-maenpaa\/#breadcrumb"},"inLanguage":"fi","potentialAction":[{"@type":"ReadAction","target":["https:\/\/smy.fi\/metsapaivat\/metsapaivien-2026-torstaipaivan-keynote-on-nayttelija-outi-maenpaa\/"]}]},{"@type":"ImageObject","inLanguage":"fi","@id":"https:\/\/smy.fi\/metsapaivat\/metsapaivien-2026-torstaipaivan-keynote-on-nayttelija-outi-maenpaa\/#primaryimage","url":"https:\/\/smy.fi\/metsapaivat\/wp-content\/uploads\/sites\/2\/2026\/03\/OutiMaenpaa_netti_vaaka.jpg","contentUrl":"https:\/\/smy.fi\/metsapaivat\/wp-content\/uploads\/sites\/2\/2026\/03\/OutiMaenpaa_netti_vaaka.jpg","width":1033,"height":690,"caption":"Outi M\u00e4enp\u00e4\u00e4"},{"@type":"BreadcrumbList","@id":"https:\/\/smy.fi\/metsapaivat\/metsapaivien-2026-torstaipaivan-keynote-on-nayttelija-outi-maenpaa\/#breadcrumb","itemListElement":[{"@type":"ListItem","position":1,"name":"Home","item":"https:\/\/smy.fi\/metsapaivat\/"},{"@type":"ListItem","position":2,"name":"Mets\u00e4p\u00e4ivien 2026 torstaip\u00e4iv\u00e4n keynote on n\u00e4yttelij\u00e4 Outi M\u00e4enp\u00e4\u00e4"}]},{"@type":"WebSite","@id":"https:\/\/smy.fi\/metsapaivat\/#website","url":"https:\/\/smy.fi\/metsapaivat\/","name":"Mets\u00e4p\u00e4iv\u00e4t","description":"Uusi SMY Sites -sivusto","potentialAction":[{"@type":"SearchAction","target":{"@type":"EntryPoint","urlTemplate":"https:\/\/smy.fi\/metsapaivat\/?s={search_term_string}"},"query-input":{"@type":"PropertyValueSpecification","valueRequired":true,"valueName":"search_term_string"}}],"inLanguage":"fi"},{"@type":"Person","@id":"https:\/\/smy.fi\/metsapaivat\/#\/schema\/person\/84b8bd9315c19a74ea853da33b2afc90","name":"Kaarina Aro","url":"https:\/\/smy.fi\/metsapaivat\/author\/kaarina-aro\/"}]}},"_links":{"self":[{"href":"https:\/\/smy.fi\/metsapaivat\/wp-json\/wp\/v2\/posts\/3700","targetHints":{"allow":["GET"]}}],"collection":[{"href":"https:\/\/smy.fi\/metsapaivat\/wp-json\/wp\/v2\/posts"}],"about":[{"href":"https:\/\/smy.fi\/metsapaivat\/wp-json\/wp\/v2\/types\/post"}],"author":[{"embeddable":true,"href":"https:\/\/smy.fi\/metsapaivat\/wp-json\/wp\/v2\/users\/12"}],"replies":[{"embeddable":true,"href":"https:\/\/smy.fi\/metsapaivat\/wp-json\/wp\/v2\/comments?post=3700"}],"version-history":[{"count":0,"href":"https:\/\/smy.fi\/metsapaivat\/wp-json\/wp\/v2\/posts\/3700\/revisions"}],"wp:featuredmedia":[{"embeddable":true,"href":"https:\/\/smy.fi\/metsapaivat\/wp-json\/wp\/v2\/media\/3702"}],"wp:attachment":[{"href":"https:\/\/smy.fi\/metsapaivat\/wp-json\/wp\/v2\/media?parent=3700"}],"wp:term":[{"taxonomy":"category","embeddable":true,"href":"https:\/\/smy.fi\/metsapaivat\/wp-json\/wp\/v2\/categories?post=3700"},{"taxonomy":"post_tag","embeddable":true,"href":"https:\/\/smy.fi\/metsapaivat\/wp-json\/wp\/v2\/tags?post=3700"}],"curies":[{"name":"wp","href":"https:\/\/api.w.org\/{rel}","templated":true}]}}